{"id":8351,"date":"2023-12-20T12:13:07","date_gmt":"2023-12-20T11:13:07","guid":{"rendered":"https:\/\/www.xn--hbs-frth-b6a.de\/?p=8351"},"modified":"2023-12-20T12:13:09","modified_gmt":"2023-12-20T11:13:09","slug":"its-christmas-time","status":"publish","type":"post","link":"https:\/\/www.xn--hbs-frth-b6a.de\/index.php\/its-christmas-time\/","title":{"rendered":"It\u2019s Christmas Time"},"content":{"rendered":"<p>[et_pb_section fb_built=&#8220;1&#8243; _builder_version=&#8220;4.0.6&#8243;][et_pb_row column_structure=&#8220;3_4,1_4&#8243; _builder_version=&#8220;4.0.6&#8243;][et_pb_column type=&#8220;3_4&#8243; _builder_version=&#8220;4.0.6&#8243;][et_pb_text _builder_version=&#8220;4.0.6&#8243; hover_enabled=&#8220;0&#8243;]<\/p>\n<h3>Hell erleuchteter Weihnachtsbaum im Eingangsbereich der Schule<\/h3>\n<p>In knapp drei Wochen stehen die Weihnachtsfeiertage vor der T\u00fcr. Zahlreiche H\u00e4user und Wohnungen sind inzwischen mit Lichterketten geschm\u00fcckt, Adventskr\u00e4nze stehen auf den Tischen und den Kindern wird die Adventszeit durch Adventskalender vers\u00fc\u00dft. Auch an der Heinrich-B\u00f6ll-Schule gibt es inzwischen ein sichtbares Zeichen, dass bald Weihnachten ist: Im Eingangsbereich der integrierten Gesamtschule steht seit letzter Woche ein pr\u00e4chtig geschm\u00fcckter Weihnachtsbaum.<\/p>\n<p>Angelo Gerhard, Edison Hamza, Paul Mohr und Giulio Gabriel Promontorio aus der Jahrgangsstufe 9 haben beim Schm\u00fccken des Baumes tatkr\u00e4ftig geholfen. Dabei wurde nichts dem Zufall \u00fcberlassen: Akribisch wurden mehrere Lichterketten ausprobiert, um die perfekte Beleuchtung zu finden. Gerade jetzt, wo es morgens so dunkel ist, ist es sch\u00f6n, vom Baum und seinen hellen Lichtern und bunten Kugeln empfangen zu werden. Begleitet wurde die Aktion von Schulpfarrerin Barbara Holzapfel-Hesselmann, die gemeinsam mit den Sch\u00fclern auch die Krippe aufgestellt hat.<\/p>\n<p><img loading=\"lazy\" decoding=\"async\" class=\"wp-image-8352 aligncenter size-large\" src=\"https:\/\/www.xn--hbs-frth-b6a.de\/wp-content\/uploads\/2023\/12\/Christmas-Time-1024x768.jpg\" alt=\"Das Bild zeigt den geschm\u00fcckten Weihnachtsbaum im Foyer der Schule und links daneben stehend 3 Sch\u00fcler\" width=\"1024\" height=\"768\" \/><\/p>\n<p>[\/et_pb_text][\/et_pb_column][et_pb_column type=&#8220;1_4&#8243; _builder_version=&#8220;4.0.6&#8243;][et_pb_blog _builder_version=&#8220;4.0.6&#8243;][\/et_pb_blog][\/et_pb_column][\/et_pb_row][\/et_pb_section]<\/p>\n","protected":false},"excerpt":{"rendered":"<p>[et_pb_section fb_built=&#8220;1&#8243; _builder_version=&#8220;4.0.6&#8243;][et_pb_row column_structure=&#8220;3_4,1_4&#8243; _builder_version=&#8220;4.0.6&#8243;][et_pb_column type=&#8220;3_4&#8243; _builder_version=&#8220;4.0.6&#8243;][et_pb_text _builder_version=&#8220;4.0.6&#8243; hover_enabled=&#8220;0&#8243;] Hell erleuchteter Weihnachtsbaum im Eingangsbereich der Schule In knapp drei Wochen stehen die Weihnachtsfeiertage vor der T\u00fcr. Zahlreiche H\u00e4user und Wohnungen sind inzwischen mit Lichterketten geschm\u00fcckt, Adventskr\u00e4nze stehen auf den Tischen und den Kindern wird die Adventszeit durch Adventskalender vers\u00fc\u00dft. Auch an der Heinrich-B\u00f6ll-Schule gibt es [&hellip;]<\/p>\n","protected":false},"author":8,"featured_media":8352,"comment_status":"open","ping_status":"open","sticky":false,"template":"","format":"standard","meta":{"_et_pb_use_builder":"on","_et_pb_old_content":"","footnotes":""},"categories":[1],"tags":[],"class_list":["post-8351","post","type-post","status-publish","format-standard","has-post-thumbnail","hentry","category-allgemein"],"_links":{"self":[{"href":"https:\/\/www.xn--hbs-frth-b6a.de\/index.php\/wp-json\/wp\/v2\/posts\/8351","targetHints":{"allow":["GET"]}}],"collection":[{"href":"https:\/\/www.xn--hbs-frth-b6a.de\/index.php\/wp-json\/wp\/v2\/posts"}],"about":[{"href":"https:\/\/www.xn--hbs-frth-b6a.de\/index.php\/wp-json\/wp\/v2\/types\/post"}],"author":[{"embeddable":true,"href":"https:\/\/www.xn--hbs-frth-b6a.de\/index.php\/wp-json\/wp\/v2\/users\/8"}],"replies":[{"embeddable":true,"href":"https:\/\/www.xn--hbs-frth-b6a.de\/index.php\/wp-json\/wp\/v2\/comments?post=8351"}],"version-history":[{"count":2,"href":"https:\/\/www.xn--hbs-frth-b6a.de\/index.php\/wp-json\/wp\/v2\/posts\/8351\/revisions"}],"predecessor-version":[{"id":8355,"href":"https:\/\/www.xn--hbs-frth-b6a.de\/index.php\/wp-json\/wp\/v2\/posts\/8351\/revisions\/8355"}],"wp:featuredmedia":[{"embeddable":true,"href":"https:\/\/www.xn--hbs-frth-b6a.de\/index.php\/wp-json\/wp\/v2\/media\/8352"}],"wp:attachment":[{"href":"https:\/\/www.xn--hbs-frth-b6a.de\/index.php\/wp-json\/wp\/v2\/media?parent=8351"}],"wp:term":[{"taxonomy":"category","embeddable":true,"href":"https:\/\/www.xn--hbs-frth-b6a.de\/index.php\/wp-json\/wp\/v2\/categories?post=8351"},{"taxonomy":"post_tag","embeddable":true,"href":"https:\/\/www.xn--hbs-frth-b6a.de\/index.php\/wp-json\/wp\/v2\/tags?post=8351"}],"curies":[{"name":"wp","href":"https:\/\/api.w.org\/{rel}","templated":true}]}}