{"id":6934,"date":"2023-11-08T17:53:18","date_gmt":"2023-11-08T16:53:18","guid":{"rendered":"https:\/\/www.xn--hbs-frth-b6a.de\/?p=6934"},"modified":"2023-11-08T17:53:57","modified_gmt":"2023-11-08T16:53:57","slug":"auf-luthers-spuren","status":"publish","type":"post","link":"https:\/\/www.xn--hbs-frth-b6a.de\/index.php\/auf-luthers-spuren\/","title":{"rendered":"Auf Luthers Spuren"},"content":{"rendered":"<p>[et_pb_section fb_built=&#8220;1&#8243; _builder_version=&#8220;4.0.6&#8243;][et_pb_row column_structure=&#8220;3_4,1_4&#8243; _builder_version=&#8220;4.0.6&#8243;][et_pb_column type=&#8220;3_4&#8243; _builder_version=&#8220;4.0.6&#8243;][et_pb_text _builder_version=&#8220;4.0.6&#8243; hover_enabled=&#8220;0&#8243;]<\/p>\n<h3>Aktion f\u00fcr Klassen 5-8 zum Reformationstag<\/h3>\n<p>Eine Person steht im H\u00f6rsaal der Heinrich-B\u00f6ll-Schule (HBS) in eine braune Kutte gekleidet. Ihr Blick ist auf den Boden gerichtet. Stille. Eine Kapuze verdeckt das Haar, sodass nicht auf den ersten Blick zu erkennen ist, dass es sich eigentlich um die Schulpfarrerin Barbara Holzapfel-Hesselmann handelt. Stattdessen stellt sich die Person als Martin Luther vor.<\/p>\n<p><img loading=\"lazy\" decoding=\"async\" class=\"wp-image-6928 aligncenter size-full\" src=\"https:\/\/www.xn--hbs-frth-b6a.de\/wp-content\/uploads\/2023\/11\/Foto-Reformationstag.png\" alt=\"\" width=\"480\" height=\"379\" \/><\/p>\n<p>Anl\u00e4sslich des Reformationstages schl\u00fcpfte die Schulpfarrerin in ihre Rolle, um den Sch\u00fclerinnen und Sch\u00fclern der Jahrgangsstufen 5 \u2013 8 die Bedeutung des christlichen Fests n\u00e4herzubringen. Dazu stieg sie aber zun\u00e4chst mit einem anderen Fest ein, das auch am 31. Oktober gefeiert wird, und welches den Sch\u00fclerinnen und Sch\u00fclern der Odenw\u00e4lder Gesamtschule vertrauter zu sein scheint \u2013 Halloween. Holzapfel-Hesselmann erkl\u00e4rte, dass Halloween auf einen keltischen Brauch zur\u00fcckgehe, wonach die Kelten am letzten Tag des Monats Oktober ihr Neujahrfest begingen. Da die Kelten glaubten, dass sich an diesem Abend die Grenze zwischen der Welt der Lebenden und der Toten aufl\u00f6se, verkleideten sie sich, um die b\u00f6sen Geister zu verjagen. Unterst\u00fctzt wurde ihr Vortrag durch eine Pr\u00e4sentation.<\/p>\n<p>Von den Kelten ging es sodann ins Mittelalter. Im Vortrag wurde dabei der Alltag der Menschen beleuchtet, der durch Krankheiten und den Tod wesentlich mitbestimmt wurde. \u201eMir war wichtig, dass die Sch\u00fclerinnen und Sch\u00fcler zun\u00e4chst ein Gesp\u00fcr f\u00fcr das Leben im Mittelalter entwickeln\u201c, erkl\u00e4rt die Schulpfarrerin. \u201eSo werden die Forderungen Luthers und \u00fcberhaupt sein Werdegang verst\u00e4ndlicher\u201c, so Holzapfel-Hesselmann weiter. Immer wieder wird ihr Vortrag durch Musik erg\u00e4nzt. Die Lieder schlossen dabei thematisch an das Gesagte an bzw. spiegelten die Stimmung wider.<\/p>\n<p>Das Kernst\u00fcck der Aktion bildete schlie\u00dflich ein \u00dcberblick \u00fcber das Leben Martin Luthers: Von seiner Kindheit aus spannte Holzapfel-Hesselmann den Bogen zu Luthers Turmerlebnis und schlie\u00dflich zu der Zeit, als er sich auf der Wartburg versteckte. \u201eIch habe versucht, m\u00f6glichst neutral \u00fcber Luther zu sprechen\u201c, berichtet die Schulpfarrerin. Gebannt hingen die j\u00fcngeren, aber auch \u00e4lteren Sch\u00fcler an ihren Lippen und lernten durch den Vortrag, dass es eines der wichtigsten Anliegen Luthers war, dass alle Menschen die Bibel lesen k\u00f6nnen. Daher vereinheitlichte er die Sprache und \u00fcbersetzte das neue Testament in gerade einmal elf Wochen.<\/p>\n<p><img loading=\"lazy\" decoding=\"async\" class=\"wp-image-6938 aligncenter size-full\" src=\"https:\/\/www.xn--hbs-frth-b6a.de\/wp-content\/uploads\/2023\/11\/1ebafee7-d735-4d81-958e-f87760db72fb-scaled.jpg\" alt=\"\" width=\"2560\" height=\"1196\" \/><\/p>\n<p>Luther, so der berichtet der Vortrag weiter, verlie\u00df schlie\u00dflich das Kloster, denn seiner Auffassung nach sei ein Leben f\u00fcr Gott auch au\u00dferhalb der Klostermauern m\u00f6glich. Zunehmend l\u00f6sten sich die Kloster auf und die M\u00f6nche heirateten. Mit dieser Entscheidung trug Luther ganz wesentlich zur Entstehung der evangelischen Kirche bei. Diesen Einschnitt markierte die Schulpfarrerin visuell, indem sie ihre Kutte ablegte.<\/p>\n<p>Ihren Vortrag hielt Barbara Holzapfel-Hesselmann gleich mehrfach, auf drei Schultage verteilt. \u201eEs hat gro\u00dfe Freude gemacht\u201c, sagt sie freudestrahlend. Gerade durch die hohe Anschaulichkeit haben die Sch\u00fclerinnen und Sch\u00fcler viel \u00fcber das zweite Fest gelernt, das am 31. Oktober gefeiert wird.<\/p>\n<p><img loading=\"lazy\" decoding=\"async\" class=\"wp-image-6935 aligncenter size-full\" src=\"https:\/\/www.xn--hbs-frth-b6a.de\/wp-content\/uploads\/2023\/11\/Foto-Reformationstag-1.png\" alt=\"Schulpfarrerin Frau Holzapfel-Hesselmann steht in M\u00f6nchskutte und Mikrofon im H\u00f6rsaal der Schule\" width=\"636\" height=\"607\" \/><\/p>\n<p>[\/et_pb_text][\/et_pb_column][et_pb_column type=&#8220;1_4&#8243; _builder_version=&#8220;4.0.6&#8243;][et_pb_blog _builder_version=&#8220;4.0.6&#8243;][\/et_pb_blog][\/et_pb_column][\/et_pb_row][\/et_pb_section]<\/p>\n","protected":false},"excerpt":{"rendered":"<p>[et_pb_section fb_built=&#8220;1&#8243; _builder_version=&#8220;4.0.6&#8243;][et_pb_row column_structure=&#8220;3_4,1_4&#8243; _builder_version=&#8220;4.0.6&#8243;][et_pb_column type=&#8220;3_4&#8243; _builder_version=&#8220;4.0.6&#8243;][et_pb_text _builder_version=&#8220;4.0.6&#8243; hover_enabled=&#8220;0&#8243;] Aktion f\u00fcr Klassen 5-8 zum Reformationstag Eine Person steht im H\u00f6rsaal der Heinrich-B\u00f6ll-Schule (HBS) in eine braune Kutte gekleidet. Ihr Blick ist auf den Boden gerichtet. Stille. Eine Kapuze verdeckt das Haar, sodass nicht auf den ersten Blick zu erkennen ist, dass es sich eigentlich um [&hellip;]<\/p>\n","protected":false},"author":8,"featured_media":6935,"comment_status":"open","ping_status":"open","sticky":false,"template":"","format":"standard","meta":{"_et_pb_use_builder":"on","_et_pb_old_content":"","footnotes":""},"categories":[1],"tags":[],"class_list":["post-6934","post","type-post","status-publish","format-standard","has-post-thumbnail","hentry","category-allgemein"],"_links":{"self":[{"href":"https:\/\/www.xn--hbs-frth-b6a.de\/index.php\/wp-json\/wp\/v2\/posts\/6934","targetHints":{"allow":["GET"]}}],"collection":[{"href":"https:\/\/www.xn--hbs-frth-b6a.de\/index.php\/wp-json\/wp\/v2\/posts"}],"about":[{"href":"https:\/\/www.xn--hbs-frth-b6a.de\/index.php\/wp-json\/wp\/v2\/types\/post"}],"author":[{"embeddable":true,"href":"https:\/\/www.xn--hbs-frth-b6a.de\/index.php\/wp-json\/wp\/v2\/users\/8"}],"replies":[{"embeddable":true,"href":"https:\/\/www.xn--hbs-frth-b6a.de\/index.php\/wp-json\/wp\/v2\/comments?post=6934"}],"version-history":[{"count":3,"href":"https:\/\/www.xn--hbs-frth-b6a.de\/index.php\/wp-json\/wp\/v2\/posts\/6934\/revisions"}],"predecessor-version":[{"id":6942,"href":"https:\/\/www.xn--hbs-frth-b6a.de\/index.php\/wp-json\/wp\/v2\/posts\/6934\/revisions\/6942"}],"wp:featuredmedia":[{"embeddable":true,"href":"https:\/\/www.xn--hbs-frth-b6a.de\/index.php\/wp-json\/wp\/v2\/media\/6935"}],"wp:attachment":[{"href":"https:\/\/www.xn--hbs-frth-b6a.de\/index.php\/wp-json\/wp\/v2\/media?parent=6934"}],"wp:term":[{"taxonomy":"category","embeddable":true,"href":"https:\/\/www.xn--hbs-frth-b6a.de\/index.php\/wp-json\/wp\/v2\/categories?post=6934"},{"taxonomy":"post_tag","embeddable":true,"href":"https:\/\/www.xn--hbs-frth-b6a.de\/index.php\/wp-json\/wp\/v2\/tags?post=6934"}],"curies":[{"name":"wp","href":"https:\/\/api.w.org\/{rel}","templated":true}]}}