{"id":6661,"date":"2023-06-20T17:39:48","date_gmt":"2023-06-20T15:39:48","guid":{"rendered":"https:\/\/www.xn--hbs-frth-b6a.de\/?p=6661"},"modified":"2023-06-20T17:40:20","modified_gmt":"2023-06-20T15:40:20","slug":"selbststaendige-schulen-sind-unsere-innovationsmotoren","status":"publish","type":"post","link":"https:\/\/www.xn--hbs-frth-b6a.de\/index.php\/selbststaendige-schulen-sind-unsere-innovationsmotoren\/","title":{"rendered":"Selbstst\u00e4ndige Schulen sind unsere &#8222;Innovationsmotoren\u201c"},"content":{"rendered":"<p>[et_pb_section fb_built=&#8220;1&#8243; _builder_version=&#8220;4.0.6&#8243;][et_pb_row column_structure=&#8220;3_4,1_4&#8243; _builder_version=&#8220;4.0.6&#8243;][et_pb_column type=&#8220;3_4&#8243; _builder_version=&#8220;4.0.6&#8243;][et_pb_text _builder_version=&#8220;4.0.6&#8243;]<\/p>\n<h3>Heinrich-B\u00f6ll-Schule ist Zentrum f\u00fcr digitale Unterrichtspraxis \/ Zertifikat von Kultusminister erhalten<\/h3>\n<p>Hessens Kultusminister Professor Dr. Lorz nahm die \u00dcberreichung des Zertifikats \u201eSelbstst\u00e4ndige Schule\u201c pers\u00f6nlich vor. Der Schulleiter der Heinrich-B\u00f6ll-Schule, Alexander Hauptmann, nahm die Urkunde am Montag in Wiesbaden entgegen. Begleitet wurde er von seinem Stellvertreter Boris Oberle und Stufenleiter Sebastian Brenneis. Der Kultusminister dankte den Vertretern der integrierten Gesamtschule f\u00fcr die \u201ePionierrolle\u201c der HBS auf dem digitalen Sektor. \u201eSie liefern uns wichtige Orientierungspunkte bei der Digitalisierung im Unterricht\u201c, betonte Professor Dr. Lorz. Die Heinrich-B\u00f6ll-Schule ist nun \u201eZentrum f\u00fcr digitale Unterrichtspraxis\u201c, mutma\u00dflich das erste in Hessen.<\/p>\n<p>Hessens Kultusminister lobte die \u201eenorme Leistung\u201c, die Schulen vor dem Hintergrund der weitgehend \u00fcberstandenen Corona-Pandemie und aktuellem Fl\u00fcchtlingsstrom \u201emit erstaunlicher Ger\u00e4uschlosigkeit\u201c bew\u00e4ltigten. Besonders \u201ehohen Respekt\u201c zollte Professor Dr. Lorz den Schulen, die sich in diesen schwierigen Zeiten auf den Weg in die Selbstst\u00e4ndigkeit machen. Dass diese Schulen einen wichtigen Beitrag hinsichtlich einer Weiterentwicklung des Unterrichts leisten, formulierte der Minister mit pr\u00e4gnanten Worten: \u201eSelbstst\u00e4ndige Schulen sind unsere Innovationsmotoren.\u201c<\/p>\n<h5>\u201eInnovative Schule\u201c<\/h5>\n<p>Seine Wertsch\u00e4tzung der HBS gegen\u00fcber brachte Schulamtsdirektor Ingo Stechmann mit seiner Anwesenheit in Wiesbaden zum Ausdruck. \u201eIch freue mich, dass die Hbs als innovative, zukunftsgerichtete Schule nun auch einen weiteren Schritt in die Selbstst\u00e4ndigkeit gegangen ist und somit f\u00fcr die gesamte Schulgemeinde weitere Entwicklungsm\u00f6glichkeiten erschlie\u00dft.\u201c Er gratulierte den HBS-Vertretern herzlich und dr\u00fcckte seine Freude dar\u00fcber aus, \u201ek\u00fcnftige Schritte in die Selbstst\u00e4ndigkeit begleiten zu d\u00fcrfen\u201c.<\/p>\n<p>Neben der Heinrich-B\u00f6ll-Schule erhielten am Montag noch die IGS Obere Aar Taunusstein und die Freiligrath Grundschule das begehrte Zertifikat. Zuvor stellten die drei Schulen ihre Konzepte vor, die den Schwerpunkt ihres p\u00e4dagogischen Wirkens spiegeln. Schulleiter Alexander Hauptmann skizzierte kurz die Heinrich-B\u00f6ll-Schule, ehe er auf Voraussetzungen einging, die ein digitales Zentrum erm\u00f6glichen. Im Mittelpunkt steht der Medienentwicklungsplan, den Hauptmann seit seinem Dienstantritt an der HBS forcierte.<\/p>\n<h5>\u201eOffene Ohren des Kreises\u201c<\/h5>\n<p>Sein Stellvertreter Boris Oberle referierte \u00fcber die Technik und die Ausstattung an der integrierten Gesamtschule. Er nannte die leistungsf\u00e4hige und ausfallsichere Ausstattung. Sein Dank ging an dieser Stelle an den Schultr\u00e4ger, den Kreis Bergstra\u00dfe, der beispielsweise den Anschluss der Schule an das Glasfasernetz realisierte. \u00dcberdies lieferte der Kreis das n\u00f6tige Equipment, das digitalen Unterricht erst erm\u00f6glicht. \u201eW\u00fcnsche unsererseits sto\u00dfen beim Kreis Bergstra\u00dfe stets auf offene Ohren\u201c, w\u00fcrdigte Oberle das Engagement des Schultr\u00e4gers.<\/p>\n<p>Stufenleiter Sebastian Brenneis, ein versierter Nutzer der digitalen Ger\u00e4te, diverser Software und Multiplikator von digitalem Wissen im Kollegium, legte bei seinen Ausf\u00fchrungen den Fokus auf das Thema \u201eProfessionalit\u00e4t\u201c. Dabei erw\u00e4hnte er nat\u00fcrlich auch das neue Fach \u201eDigitale Welt\u201c, das im f\u00fcnften Jahrgang unterrichtet wird. Au\u00dferdem verwies er darauf, dass die integrierte Gesamtschule durch eine Rezertifizierung der Auszeichnungen \u201cDigitale Schule\u201d und \u201cMINT-freundliche Schule\u201d die Qualit\u00e4tsstandards regelm\u00e4\u00dfig auch extern evaluieren lasse.<\/p>\n<p>Brenneis informierte zudem \u00fcber das Fortbildungskonzept der Schule, Stichwort \u201eFortbildungskiosk\u201c. Statt das Kollegium in einer Tagesveranstaltung mit Informationen zu \u00fcbersch\u00fctten respektive zu \u00fcberfordern, wird digitales \u201eKnow-How\u201c in kleinen Dosen an \u00fcberschaubare Gruppen vermittelt. Das Motto lautet: \u201eJeder hilft jedem\u201c.<\/p>\n<h5>Kultusminister besucht HBS<\/h5>\n<p>Zur Sprache kam auch der Einsatz von iPads in der Unterrichtspraxis. Die HBS verf\u00fcgt \u00fcber mehrere hundert iPads, die permanent auf unterschiedlichste Weise im Unterricht eingesetzt werden. Es handelt sich also um eine praktische digitale Unterrichtshilfe und keinesfalls um ein Spielzeug zum Zeitvertreib. Relevant ist dabei jedoch, dass die Sch\u00fcler genaue Arbeitsanweisungen erhalten und auf Apps Zugriff bekommen. Oder sie greifen auf Arbeitsbl\u00e4tter zu, die sie auf dem Schulportal des hessischen Kultusministeriums finden.<\/p>\n<p>Die Verleihung des Zertifikates wurde eingebettet in ein Vortragsprogramm zur Qualifizierungsreihe, die mehrere Module beinhaltet. In den n\u00e4chsten Monaten finden Videokonferenzen zu den Themen \u201eQualit\u00e4tsmanagement\u201c, \u201eProjektmanagement\u201c und \u201eVer\u00e4nderungsmanagement\u201c statt. Abgerundet wird die Reihe mit einer externen Evaluation.<\/p>\n<p>In einer Vortragspause kamen Schulleiter Alexander Hauptmann, sein Stellvertreter Boris Oberle und Schulamtsdirektor Ingo Stechmann mit Kultusminister Professor Dr. Lorz bei einem Kaffee zu einem informellen Gespr\u00e4ch zusammen. Das Ergebnis: Hessens Kultusminister stattet der Heinrich-B\u00f6ll-Schule am 15. Juni von 10 bis 11.30 Uhr einen Besuch ab. Sein Interesse gilt der digitalen Unterrichtspraxis an der integrierten Gesamtschule in F\u00fcrth.<\/p>\n<p><img loading=\"lazy\" decoding=\"async\" class=\"wp-image-6481 aligncenter \" src=\"https:\/\/www.xn--hbs-frth-b6a.de\/wp-content\/uploads\/2023\/02\/Selbststaendige-Schule-Bild-1024x768.jpg\" alt=\"Das Schulleitungsteam bekommt das Zertifikat zur Selbstst\u00e4ndigen Schule \u00fcberreicht\" width=\"642\" height=\"481\" \/>SELBSTST\u00c4NDIGE SCHULE. Am vergangenen Montag \u00fcberreicht Hessens Kultusminister Professor Dr. Lorz (2.v.l.) dem Schulleiter der Heinrich-B\u00f6ll-Schule, Alexander Hauptmann, (Mitte) das Zertifikat \u201eSelbstst\u00e4ndige Schule\u201c. Die integrierte Gesamtschule ist damit auch gleichzeitig Zentrum f\u00fcr digitale Unterrichtspraxis. Beim Festakt dabei waren der stellvertretende Schulleiter Boris Oberle (l.), Stufenleiter Sebastian Brenneis (2.v.r.) und Schulamtsdirektor Ingo Stechmann (r.).<\/p>\n<p>[\/et_pb_text][\/et_pb_column][et_pb_column type=&#8220;1_4&#8243; _builder_version=&#8220;4.0.6&#8243;][et_pb_blog _builder_version=&#8220;4.0.6&#8243;][\/et_pb_blog][\/et_pb_column][\/et_pb_row][\/et_pb_section]<\/p>\n","protected":false},"excerpt":{"rendered":"<p>[et_pb_section fb_built=&#8220;1&#8243; _builder_version=&#8220;4.0.6&#8243;][et_pb_row column_structure=&#8220;3_4,1_4&#8243; _builder_version=&#8220;4.0.6&#8243;][et_pb_column type=&#8220;3_4&#8243; _builder_version=&#8220;4.0.6&#8243;][et_pb_text _builder_version=&#8220;4.0.6&#8243;] Heinrich-B\u00f6ll-Schule ist Zentrum f\u00fcr digitale Unterrichtspraxis \/ Zertifikat von Kultusminister erhalten Hessens Kultusminister Professor Dr. Lorz nahm die \u00dcberreichung des Zertifikats \u201eSelbstst\u00e4ndige Schule\u201c pers\u00f6nlich vor. Der Schulleiter der Heinrich-B\u00f6ll-Schule, Alexander Hauptmann, nahm die Urkunde am Montag in Wiesbaden entgegen. Begleitet wurde er von seinem Stellvertreter Boris Oberle [&hellip;]<\/p>\n","protected":false},"author":8,"featured_media":6481,"comment_status":"open","ping_status":"open","sticky":false,"template":"","format":"standard","meta":{"_et_pb_use_builder":"on","_et_pb_old_content":"","footnotes":""},"categories":[1],"tags":[],"class_list":["post-6661","post","type-post","status-publish","format-standard","has-post-thumbnail","hentry","category-allgemein"],"_links":{"self":[{"href":"https:\/\/www.xn--hbs-frth-b6a.de\/index.php\/wp-json\/wp\/v2\/posts\/6661","targetHints":{"allow":["GET"]}}],"collection":[{"href":"https:\/\/www.xn--hbs-frth-b6a.de\/index.php\/wp-json\/wp\/v2\/posts"}],"about":[{"href":"https:\/\/www.xn--hbs-frth-b6a.de\/index.php\/wp-json\/wp\/v2\/types\/post"}],"author":[{"embeddable":true,"href":"https:\/\/www.xn--hbs-frth-b6a.de\/index.php\/wp-json\/wp\/v2\/users\/8"}],"replies":[{"embeddable":true,"href":"https:\/\/www.xn--hbs-frth-b6a.de\/index.php\/wp-json\/wp\/v2\/comments?post=6661"}],"version-history":[{"count":4,"href":"https:\/\/www.xn--hbs-frth-b6a.de\/index.php\/wp-json\/wp\/v2\/posts\/6661\/revisions"}],"predecessor-version":[{"id":6666,"href":"https:\/\/www.xn--hbs-frth-b6a.de\/index.php\/wp-json\/wp\/v2\/posts\/6661\/revisions\/6666"}],"wp:featuredmedia":[{"embeddable":true,"href":"https:\/\/www.xn--hbs-frth-b6a.de\/index.php\/wp-json\/wp\/v2\/media\/6481"}],"wp:attachment":[{"href":"https:\/\/www.xn--hbs-frth-b6a.de\/index.php\/wp-json\/wp\/v2\/media?parent=6661"}],"wp:term":[{"taxonomy":"category","embeddable":true,"href":"https:\/\/www.xn--hbs-frth-b6a.de\/index.php\/wp-json\/wp\/v2\/categories?post=6661"},{"taxonomy":"post_tag","embeddable":true,"href":"https:\/\/www.xn--hbs-frth-b6a.de\/index.php\/wp-json\/wp\/v2\/tags?post=6661"}],"curies":[{"name":"wp","href":"https:\/\/api.w.org\/{rel}","templated":true}]}}