{"id":6520,"date":"2023-03-13T18:00:35","date_gmt":"2023-03-13T17:00:35","guid":{"rendered":"https:\/\/www.xn--hbs-frth-b6a.de\/?p=6520"},"modified":"2023-03-13T18:00:38","modified_gmt":"2023-03-13T17:00:38","slug":"hingucker-in-der-buchauslage","status":"publish","type":"post","link":"https:\/\/www.xn--hbs-frth-b6a.de\/index.php\/hingucker-in-der-buchauslage\/","title":{"rendered":"Hingucker in der Buchauslage"},"content":{"rendered":"<p>[et_pb_section fb_built=&#8220;1&#8243; _builder_version=&#8220;4.0.6&#8243;][et_pb_row column_structure=&#8220;3_4,1_4&#8243; _builder_version=&#8220;4.0.6&#8243;][et_pb_column type=&#8220;3_4&#8243; _builder_version=&#8220;4.0.6&#8243;][et_pb_text _builder_version=&#8220;4.0.6&#8243; hover_enabled=&#8220;0&#8243;]<\/p>\n<h3 class=\"Text\"><span style=\"font-size: 12.0pt; font-family: 'Calibri',sans-serif;\">HBS-Sch\u00fcler gestalten Schaufenster \/ Aktion zum \u201eWelttag des Buches\u201c<\/span><\/h3>\n<h3 class=\"Text\"><span style=\"font-size: 12.0pt; font-family: 'Calibri',sans-serif;\">Viele Passanten, die das Schaufenster der F\u00fcrther Buchhandlung \u201eAm Markt\u201c passieren, bleiben unwillk\u00fcrlich stehen. Ihr Blick wendet sich der Buchauslage zu, angezogen von einem echten Hingucker. Es sind nicht die Werke bekannter Autoren, sondern die Zeichnungen von Sch\u00fclern der Heinrich-B\u00f6ll-Schule zu einer Geschichte, die sie im Deutschunterricht gelesen hatten.<\/span><\/h3>\n<p class=\"Text\"><span style=\"font-size: 12.0pt; font-family: 'Calibri',sans-serif;\">Wie kam es zu dieser au\u00dfergew\u00f6hnlichen Aktion und der Kooperation zwischen Buchh\u00e4ndlerin Doris Helferich und den Sechstkl\u00e4sslern der integrierten Gesamtschule? Ausl\u00f6ser war der allj\u00e4hrlich stattfindende \u201eWelttag des Buches\u201c. Im Vorfeld startet der B\u00f6rsenverein des deutschen Buchhandels, die Stiftung Lesen, das ZDF, die Deutsche Post und der cbj-Verlag die Initiative \u201eIch schenk dir eine Geschichte\u201c. Schulen, die sich rechtzeitig anmelden, erhalten f\u00fcr ihre F\u00fcnftkl\u00e4ssler Gutscheine, mit denen sie sich kostenlos ein speziell f\u00fcr diesen Anlass produziertes Buch in einer Buchhandlung abholen k\u00f6nnen. <\/span><\/p>\n<p class=\"Text\"><span style=\"font-size: 12.0pt; font-family: 'Calibri',sans-serif;\">Seit Jahren nutzen die Deutschlehrer der Heinrich-B\u00f6ll-Schule dieses Angebot, um die Sch\u00fcler zum Lesen zu animieren. Im vergangenen Jahr drehte sich die spannende Geschichte um Hexenkinder, die sich zur Aufgabe gemacht hatten, einen \u00f6kologisch wertvollen See vor der Zerst\u00f6rung zu retten. Mit Begeisterung lasen die F\u00fcnftkl\u00e4ssler das Buch und kamen dabei auf die Idee, manche Szenen oder Protagonisten der Geschichte zu illustrieren. Unter der Leitung der Kunstp\u00e4dagogen setzten die Sch\u00fcler ihre Phantasien in bunten Kunstwerken um. Damit nicht genug: Sie erstellten auch Lesetageb\u00fccher und Leserollen. <\/span><\/p>\n<p class=\"Text\"><span style=\"font-size: 12.0pt; font-family: 'Calibri',sans-serif;\">Was lag also n\u00e4her, als die gelungenen Kunstwerke auszustellen. Und welcher Ort passte besser als das Schaufenster einer Buchhandlung. Doris Helferich stie\u00df bei den Deutschlehrern der HBS mit ihrer Idee auf offene Ohren. Die Buchh\u00e4ndlerin unterst\u00fctzt die Aktion \u201eIch schenk dir eine Geschichte\u201c bei der Buchausgabe stets mit einer Buchrallye f\u00fcr die Sch\u00fcler. Ihr ist es ein Anliegen, die Kinder f\u00fcr die Welt der B\u00fccher zu begeistern. <\/span><\/p>\n<p class=\"Text\"><span style=\"font-size: 12.0pt; font-family: 'Calibri',sans-serif;\">Deutschlehrerin Julia Kemle stattete mit ihrem Deutschkurs des sechsten Jahrgangs der Buchhandlung einen Besuch ab; stellvertretend f\u00fcr alle Sechstkl\u00e4ssler. Sie dankte Doris Helferich f\u00fcr die M\u00f6glichkeit, die Zeichnungen der Kinder an prominenter Stelle zu pr\u00e4sentieren. Die Buchh\u00e4ndlerin ihrerseits berichtete \u00fcber die vielen positiven Kommentare ihrer Kunden und die zahlreichen Passanten, die sich anerkennend \u00fcber die Werke der Sch\u00fcler \u00e4u\u00dferten. <\/span><\/p>\n<p class=\"Text\"><span style=\"font-size: 12.0pt; font-family: 'Calibri',sans-serif;\">\u201eAuch in diesem Jahr werden wir Buchgutscheine anfordern und uns am \u201eWelttag des Buches\u201c beteiligen\u201c, betonte Deutschlehrerin Julia Kemle. Es sei, so die Fachlehrerin weiter, wichtig, \u201ejede Chance zu nutzen, um die Sch\u00fcler zum Lesen zu animieren.\u201c<\/span><\/p>\n<p class=\"Text\"><span style=\"font-size: 12.0pt; font-family: 'Calibri',sans-serif;\"><img loading=\"lazy\" decoding=\"async\" class=\"wp-image-6521 aligncenter size-medium\" src=\"https:\/\/www.xn--hbs-frth-b6a.de\/wp-content\/uploads\/2023\/03\/Schaufenster-300x225.jpg\" alt=\"Vor dem Schaufesnter steht der Deutschkurs mit Deutschlehrerin Julia Kemle.\" width=\"300\" height=\"225\" \/>HINGUCKER. Das Schaufenster der Buchhandlung \u201eAm Marktplatz\u201c von Doris Helferich (r.) zieren Werke von HBS-Sch\u00fclern, die Bilder zu einem Buch malten. Ihre Werke sind echte Hingucker. Unser Bild zeigt einen Deutschkurs mit Deutschlehrerin Julia Kemle. <\/span><\/p>\n<p>[\/et_pb_text][\/et_pb_column][et_pb_column type=&#8220;1_4&#8243; _builder_version=&#8220;4.0.6&#8243;][et_pb_blog _builder_version=&#8220;4.0.6&#8243;][\/et_pb_blog][\/et_pb_column][\/et_pb_row][\/et_pb_section]<\/p>\n","protected":false},"excerpt":{"rendered":"<p>[et_pb_section fb_built=&#8220;1&#8243; _builder_version=&#8220;4.0.6&#8243;][et_pb_row column_structure=&#8220;3_4,1_4&#8243; _builder_version=&#8220;4.0.6&#8243;][et_pb_column type=&#8220;3_4&#8243; _builder_version=&#8220;4.0.6&#8243;][et_pb_text _builder_version=&#8220;4.0.6&#8243; hover_enabled=&#8220;0&#8243;] HBS-Sch\u00fcler gestalten Schaufenster \/ Aktion zum \u201eWelttag des Buches\u201c Viele Passanten, die das Schaufenster der F\u00fcrther Buchhandlung \u201eAm Markt\u201c passieren, bleiben unwillk\u00fcrlich stehen. Ihr Blick wendet sich der Buchauslage zu, angezogen von einem echten Hingucker. Es sind nicht die Werke bekannter Autoren, sondern die Zeichnungen von [&hellip;]<\/p>\n","protected":false},"author":8,"featured_media":6521,"comment_status":"open","ping_status":"open","sticky":false,"template":"","format":"standard","meta":{"_et_pb_use_builder":"on","_et_pb_old_content":"","footnotes":""},"categories":[1],"tags":[],"class_list":["post-6520","post","type-post","status-publish","format-standard","has-post-thumbnail","hentry","category-allgemein"],"_links":{"self":[{"href":"https:\/\/www.xn--hbs-frth-b6a.de\/index.php\/wp-json\/wp\/v2\/posts\/6520","targetHints":{"allow":["GET"]}}],"collection":[{"href":"https:\/\/www.xn--hbs-frth-b6a.de\/index.php\/wp-json\/wp\/v2\/posts"}],"about":[{"href":"https:\/\/www.xn--hbs-frth-b6a.de\/index.php\/wp-json\/wp\/v2\/types\/post"}],"author":[{"embeddable":true,"href":"https:\/\/www.xn--hbs-frth-b6a.de\/index.php\/wp-json\/wp\/v2\/users\/8"}],"replies":[{"embeddable":true,"href":"https:\/\/www.xn--hbs-frth-b6a.de\/index.php\/wp-json\/wp\/v2\/comments?post=6520"}],"version-history":[{"count":2,"href":"https:\/\/www.xn--hbs-frth-b6a.de\/index.php\/wp-json\/wp\/v2\/posts\/6520\/revisions"}],"predecessor-version":[{"id":6524,"href":"https:\/\/www.xn--hbs-frth-b6a.de\/index.php\/wp-json\/wp\/v2\/posts\/6520\/revisions\/6524"}],"wp:featuredmedia":[{"embeddable":true,"href":"https:\/\/www.xn--hbs-frth-b6a.de\/index.php\/wp-json\/wp\/v2\/media\/6521"}],"wp:attachment":[{"href":"https:\/\/www.xn--hbs-frth-b6a.de\/index.php\/wp-json\/wp\/v2\/media?parent=6520"}],"wp:term":[{"taxonomy":"category","embeddable":true,"href":"https:\/\/www.xn--hbs-frth-b6a.de\/index.php\/wp-json\/wp\/v2\/categories?post=6520"},{"taxonomy":"post_tag","embeddable":true,"href":"https:\/\/www.xn--hbs-frth-b6a.de\/index.php\/wp-json\/wp\/v2\/tags?post=6520"}],"curies":[{"name":"wp","href":"https:\/\/api.w.org\/{rel}","templated":true}]}}