{"id":5889,"date":"2022-10-21T14:38:57","date_gmt":"2022-10-21T12:38:57","guid":{"rendered":"https:\/\/www.xn--hbs-frth-b6a.de\/?p=5889"},"modified":"2022-11-25T09:19:21","modified_gmt":"2022-11-25T08:19:21","slug":"guter-zeitpunkt-fuer-eine-neue-herausforderung","status":"publish","type":"post","link":"https:\/\/www.xn--hbs-frth-b6a.de\/index.php\/guter-zeitpunkt-fuer-eine-neue-herausforderung\/","title":{"rendered":"Guter Zeitpunkt f\u00fcr eine neue Herausforderung"},"content":{"rendered":"<p>[et_pb_section fb_built=&#8220;1&#8243; _builder_version=&#8220;4.0.6&#8243;][et_pb_row column_structure=&#8220;3_4,1_4&#8243; _builder_version=&#8220;4.0.6&#8243;][et_pb_column type=&#8220;3_4&#8243; _builder_version=&#8220;4.0.6&#8243;][et_pb_text _builder_version=&#8220;4.0.6&#8243; hover_enabled=&#8220;0&#8243;]<\/p>\n<h3>Sabrina Keller ist neue Stufenleiterin an der Heinrich-B\u00f6ll-Schule \/ \u201ePasst perfekt ins F\u00fchrungsteam\u201c<\/h3>\n<p>Ein Blick auf den Schreibtisch und die darauf ausgebreiteten Akten und Notizen macht deutlich, dass die neue Stufenleiterin Sabrina Keller jede Menge Arbeit und allerhand Aufgaben an der Heinrich-B\u00f6ll-Schule zu erledigen hat. Schon die ersten Tage im neuen Schuljahr waren turbulent, immerhin galt es eine Feierstunde zur Einschulung der neuen 155 F\u00fcnftkl\u00e4ssler zu organisieren und die Klassentage zu gestalten. Ihre \u201eFeuertaufe\u201c bestand die 38j\u00e4hrige F\u00fcrtherin mit Bravour. Lob kommt auch von Schulleiter Alexander Hauptmann: \u201eFrau Keller passt perfekt in unser F\u00fchrungsteam. Sie ist auf Grund ihrer Pers\u00f6nlichkeit und ihrer Kompetenzen eine Bereicherung der Schulleitung.\u201c<\/p>\n<p>Als die Stelle als Stufenleiterin f\u00fcr die Jahrg\u00e4nge 5 und 6 an der integrierten Gesamtschule vakant wurde, dachte Sabrina Keller keineswegs sofort an eine Bewerbung. \u201eDer Ansto\u00df kam von der Schulleitung, die mich dazu animierte, mich auf die Stelle zu bewerben\u201c, erinnert sich die P\u00e4dagogin. Es folgte eine Phase, \u201ein der ich mir die Entscheidung reiflich \u00fcberlegte\u201c. Letztlich sei sie, so Keller weiter, zur \u00dcberzeugung gekommen, dass es ein guter Zeitpunkt sei, eine neue Herausforderung anzupacken.<\/p>\n<p>Dass ihre Mutter Eveline Vieweg lange Jahre als Stufenleiterin an der HBS wirkte, \u201espielte dabei f\u00fcr mich keine Rolle\u201c, bemerkt die 38J\u00e4hrige. Ausschlaggebend sei vielmehr auch die \u00dcberlegung gewesen, \u201eder Schule einen Dienst zu erweisen\u201c. Sie h\u00e4tte sich, das beteuert Sabrina Keller mit Nachdruck, \u201eniemals auf eine Stelle an einer anderen Schule wegbeworben.\u201c Die HBS liegt der F\u00fcrtherin sehr am Herzen, das sieht und sp\u00fcrt man, wenn sie \u00fcber \u201eihre\u201c Schule redet.<\/p>\n<p>Der schulische und berufliche Werdegang verlief v\u00f6llig unspektakul\u00e4r: Sie besuchte die Martin-Luther-Schule in Rimbach und studierte nach dem Abitur die F\u00e4cher Englisch, katholische Religion und Musik an der Uni Heidelberg. Ihr Referendariat absolvierte Sabrina Keller an der Langenbergschule. Danach trat sie im Jahre 2015 ihren Dienst an der Heinrich-B\u00f6ll-Schule an. Sofort leitete sie mit gro\u00dfem Erfolg das Orchester der Schule und setzte Akzente in der Musikfachschaft. Kaum ein feierlicher Anlass an der HBS, den die stimmgewaltige P\u00e4dagogin nicht mit mitrei\u00dfenden Songs bereichert.<\/p>\n<p>In ihrer neuen Position m\u00f6chte sie vor allem immer f\u00fcr die Sch\u00fcler ansprechbar sein, \u201edeshalb steht meine B\u00fcrot\u00fcr jederzeit offen\u201c. Dar\u00fcber hinaus sieht sich Sabrina Keller auch als Verbindungselement zwischen Kollegium und Schulleitung. Es ist ihr wichtig, eine vertrauensvolle Atmosph\u00e4re zu schaffen. Gerade das freundliche Miteinander m\u00f6chte Sabrina Keller weiter f\u00f6rdern.<\/p>\n<p>Apropos Verbindungselement: Die geb\u00fcrtige F\u00fcrtherin verf\u00fcgt \u00fcber ein funktionierendes Netzwerk mit \u00f6rtlichen Gruppierungen und Vereinen. Sie selbst ist von Kindesbeinen an aktives Mitglied im Katholischen Kirchenmusikverein; Sabrina Keller spielt dort erste Klarinette. Dar\u00fcber hinaus engagiert sie sich im Vorstand der KKM. Dass sie mit Freude an die Aufgaben herangeht, entnimmt man dem Strahlen in ihrem Gesicht. Mit Begeisterung redet sie \u00fcber das besondere p\u00e4dagogische System der HBS, das den gesellschaftlichen Entwicklungen respektive den Anspr\u00fcchen an eine gute Bildung und eine vorteilhafte Entwicklung f\u00fcr die Kinder gerecht werde.<\/p>\n<p>Schulleiter Alexander Hauptmann ist froh, dass mit Sabrina Keller eine engagierte P\u00e4dagogin die wichtigen Aufgaben einer Stufenleiterin erledigt. \u201eFrau Keller kennt die HBS aus dem Effeff und genie\u00dft im Kollegium und bei den Eltern eine hohe Wertsch\u00e4tzung\u201c, konstatiert Hauptmann. Er w\u00fcnscht seinem neuen Teammitglied in der Schulleitung \u201eviel Erfolg an einer sehr verantwortungsvollen Stelle\u201c.<\/p>\n<p><img loading=\"lazy\" decoding=\"async\" class=\"aligncenter wp-image-5890 size-medium\" src=\"https:\/\/www.xn--hbs-frth-b6a.de\/wp-content\/uploads\/2022\/10\/Neue-Stufenleiterin-300x225.jpg\" alt=\"Bild von Frau Keller mit Schulleiter Alexander Hauptmann.\" width=\"300\" height=\"225\" \/>NEUE STUFENLEITERIN. Die geb\u00fcrtige F\u00fcrtherin Sabrina Keller ist neue Stufenleiterin f\u00fcr die Jahrg\u00e4nge 5 und 6 an der Heinrich-B\u00f6ll-Schule. \u201eSabrina Keller ist eine Bereicherung f\u00fcr die Schulleitung\u201c, ist sich Schulleiter Alexander Hauptmann sicher.<\/p>\n<p>[\/et_pb_text][\/et_pb_column][et_pb_column type=&#8220;1_4&#8243; _builder_version=&#8220;4.0.6&#8243;][et_pb_blog _builder_version=&#8220;4.0.6&#8243;][\/et_pb_blog][\/et_pb_column][\/et_pb_row][\/et_pb_section]<\/p>\n","protected":false},"excerpt":{"rendered":"<p>[et_pb_section fb_built=&#8220;1&#8243; _builder_version=&#8220;4.0.6&#8243;][et_pb_row column_structure=&#8220;3_4,1_4&#8243; _builder_version=&#8220;4.0.6&#8243;][et_pb_column type=&#8220;3_4&#8243; _builder_version=&#8220;4.0.6&#8243;][et_pb_text _builder_version=&#8220;4.0.6&#8243; hover_enabled=&#8220;0&#8243;] Sabrina Keller ist neue Stufenleiterin an der Heinrich-B\u00f6ll-Schule \/ \u201ePasst perfekt ins F\u00fchrungsteam\u201c Ein Blick auf den Schreibtisch und die darauf ausgebreiteten Akten und Notizen macht deutlich, dass die neue Stufenleiterin Sabrina Keller jede Menge Arbeit und allerhand Aufgaben an der Heinrich-B\u00f6ll-Schule zu erledigen hat. Schon [&hellip;]<\/p>\n","protected":false},"author":8,"featured_media":5890,"comment_status":"open","ping_status":"open","sticky":false,"template":"","format":"standard","meta":{"_et_pb_use_builder":"on","_et_pb_old_content":"","footnotes":""},"categories":[1],"tags":[],"class_list":["post-5889","post","type-post","status-publish","format-standard","has-post-thumbnail","hentry","category-allgemein"],"_links":{"self":[{"href":"https:\/\/www.xn--hbs-frth-b6a.de\/index.php\/wp-json\/wp\/v2\/posts\/5889","targetHints":{"allow":["GET"]}}],"collection":[{"href":"https:\/\/www.xn--hbs-frth-b6a.de\/index.php\/wp-json\/wp\/v2\/posts"}],"about":[{"href":"https:\/\/www.xn--hbs-frth-b6a.de\/index.php\/wp-json\/wp\/v2\/types\/post"}],"author":[{"embeddable":true,"href":"https:\/\/www.xn--hbs-frth-b6a.de\/index.php\/wp-json\/wp\/v2\/users\/8"}],"replies":[{"embeddable":true,"href":"https:\/\/www.xn--hbs-frth-b6a.de\/index.php\/wp-json\/wp\/v2\/comments?post=5889"}],"version-history":[{"count":4,"href":"https:\/\/www.xn--hbs-frth-b6a.de\/index.php\/wp-json\/wp\/v2\/posts\/5889\/revisions"}],"predecessor-version":[{"id":6176,"href":"https:\/\/www.xn--hbs-frth-b6a.de\/index.php\/wp-json\/wp\/v2\/posts\/5889\/revisions\/6176"}],"wp:featuredmedia":[{"embeddable":true,"href":"https:\/\/www.xn--hbs-frth-b6a.de\/index.php\/wp-json\/wp\/v2\/media\/5890"}],"wp:attachment":[{"href":"https:\/\/www.xn--hbs-frth-b6a.de\/index.php\/wp-json\/wp\/v2\/media?parent=5889"}],"wp:term":[{"taxonomy":"category","embeddable":true,"href":"https:\/\/www.xn--hbs-frth-b6a.de\/index.php\/wp-json\/wp\/v2\/categories?post=5889"},{"taxonomy":"post_tag","embeddable":true,"href":"https:\/\/www.xn--hbs-frth-b6a.de\/index.php\/wp-json\/wp\/v2\/tags?post=5889"}],"curies":[{"name":"wp","href":"https:\/\/api.w.org\/{rel}","templated":true}]}}