{"id":5755,"date":"2022-08-31T16:39:16","date_gmt":"2022-08-31T14:39:16","guid":{"rendered":"https:\/\/www.xn--hbs-frth-b6a.de\/?p=5755"},"modified":"2022-08-31T16:39:19","modified_gmt":"2022-08-31T14:39:19","slug":"fuer-den-start-bestens-geruestet","status":"publish","type":"post","link":"https:\/\/www.xn--hbs-frth-b6a.de\/index.php\/fuer-den-start-bestens-geruestet\/","title":{"rendered":"F\u00fcr den Start bestens ger\u00fcstet"},"content":{"rendered":"<p>[et_pb_section fb_built=&#8220;1&#8243; _builder_version=&#8220;4.0.6&#8243;][et_pb_row column_structure=&#8220;3_4,1_4&#8243; _builder_version=&#8220;4.0.6&#8243;][et_pb_column type=&#8220;3_4&#8243; _builder_version=&#8220;4.0.6&#8243;][et_pb_text _builder_version=&#8220;4.0.6&#8243; hover_enabled=&#8220;0&#8243;]<\/p>\n<h3>Heinrich-B\u00f6ll-Schule hat alle wichtigen Vorbereitungen getroffen \/ Stundenpl\u00e4ne liegen vor<\/h3>\n<p>\u201eWir sind f\u00fcr den Schulstart am kommenden Montag (5. September) in jeder Hinsicht bestens ger\u00fcstet\u201c, erkl\u00e4rt der Schulleiter der Heinrich-B\u00f6ll-Schule, Alexander Hauptmann. \u00a0Sein Stellvertreter Boris Oberle konnte dem Kollegium bereits vor Ferienbeginn vorl\u00e4ufige Stundenpl\u00e4ne aush\u00e4ndigen und wird die endg\u00fcltige Version am kommenden Freitag (2. September) pr\u00e4sentieren, wenn sich das Kollegium um 10 Uhr zu einer Konferenz trifft.<\/p>\n<p>Schulstart nach den Sommerferien ist am kommenden Montag, 5. September, zur ersten Stunde um 7.45 Uhr. Die ersten beiden Stunden nutzen die Klassenlehrer, um ihre Sch\u00fcler \u00fcber Stundenpl\u00e4ne und Termine zu informieren. Von der dritten bis zur sechsten Stunde findet Fachunterricht statt, danach endet der erste Schultag \u2013 zumindest f\u00fcr die Sch\u00fcler. Die Lehrer treffen sich ab 13 Uhr zu Fachkonferenzen, um \u00fcber die Themen des ersten Halbjahres zu reden.<\/p>\n<p>Der zweite Schultag steht ganz im Zeichen der Einschulung der rund 160 neuen F\u00fcnftkl\u00e4ssler, die in sieben Klassen unterrichtet werden. Von einer \u201eRekordanmeldezahl\u201c ist an der Heinrich-B\u00f6ll-Schule die Rede. \u201eDas Interesse an unserer Schule ist enorm. Zum einen \u00fcberzeugt unser integriertes System, das allen Sch\u00fclern viele Qualifizierungswege er\u00f6ffnet und Zeit zur Entwicklung gibt, zum anderen genie\u00dfen das Engagement des Kollegiums und die hervorragende p\u00e4dagogische Arbeit gro\u00dfe Wertsch\u00e4tzung. Nicht unerw\u00e4hnt sollten auch unsere digitalen Anstrengungen bleiben. Nicht umsonst wurden wir als eine von zw\u00f6lf Schulen in Hessen ausgew\u00e4hlt, die im kommenden Schuljahr das neue Fach \u201eDigitale Welten\u201c anbietet\u201c, fasst der Schulleiter die Gr\u00fcnde f\u00fcr die hohen Anmeldezahlen zusammen.<\/p>\n<p>Apropos: Viele der neuen F\u00fcnftkl\u00e4ssler haben sich f\u00fcr die Teilnahme am Fach \u201eDigitale Welten\u201c angemeldet. Sie k\u00f6nnen sich mit Fug und Recht als \u201ePioniere\u201c bezeichnen, denn ihre Erfahrungen helfen dabei, das Fach m\u00f6glichst interessant zu gestalten.<\/p>\n<p>\u201eDie Einschulungsfeier findet in der Sporthalle statt. Wir haben f\u00fcr unsere neuen Sch\u00fcler ein buntes und fr\u00f6hliches Programm zusammengestellt\u201c, erkl\u00e4rt Stufenleiterin Sabrina Keller. Es wird f\u00fcr die M\u00e4dchen und Jungen keineswegs ein \u201eSprung ins kalte Wasser\u201c: Vor den Ferien lud die HBS zu einem \u201eKennenlerntag\u201c ein. \u201eUnsere angehenden F\u00fcnftkl\u00e4ssler lernten ihre neuen Mitsch\u00fcler und ihre Klassenlehrer\/innen kennen\u201c, bemerkt Stufenleiterin Keller. Die Einschulungsfeier beginnt am Dienstag (6. September) um 10 Uhr. Anschlie\u00dfend gehen die Lehrer mit ihren Sch\u00fclern in die Klassenr\u00e4ume und kl\u00e4ren organisatorische Fragen.<\/p>\n<p>Dass sich ein weiteres Projekt an der integrierten Gesamtschule erfolgreich etabliert hat, beweist dessen Fortsetzung: \u201eIm Schuljahr 2022\/23 geht zum dritten Mal eine Oberstufenklasse an den Start; die HBS versteht sich dabei als Dependance der Karl-K\u00fcbel-Schule (KKS)\u201c, sagt der stellvertretende Schulleiter Boris Oberle, der ma\u00dfgeblich f\u00fcr dieses Projekt zust\u00e4ndig ist. \u201eDass das Angebot auf Interesse st\u00f6\u00dft, zeigen die Anmeldezahlen. Die Sch\u00fcler der Einf\u00fchrungsphase mit dem Ziel \u201eAllgemeine Hochschulreife\u201c sind drei Tage in der Woche an der HBS und zwei Tage an der KKS in Bensheim.<\/p>\n<p>[\/et_pb_text][\/et_pb_column][et_pb_column type=&#8220;1_4&#8243; _builder_version=&#8220;4.0.6&#8243;][et_pb_blog _builder_version=&#8220;4.0.6&#8243;][\/et_pb_blog][\/et_pb_column][\/et_pb_row][\/et_pb_section]<\/p>\n","protected":false},"excerpt":{"rendered":"<p>[et_pb_section fb_built=&#8220;1&#8243; _builder_version=&#8220;4.0.6&#8243;][et_pb_row column_structure=&#8220;3_4,1_4&#8243; _builder_version=&#8220;4.0.6&#8243;][et_pb_column type=&#8220;3_4&#8243; _builder_version=&#8220;4.0.6&#8243;][et_pb_text _builder_version=&#8220;4.0.6&#8243; hover_enabled=&#8220;0&#8243;] Heinrich-B\u00f6ll-Schule hat alle wichtigen Vorbereitungen getroffen \/ Stundenpl\u00e4ne liegen vor \u201eWir sind f\u00fcr den Schulstart am kommenden Montag (5. September) in jeder Hinsicht bestens ger\u00fcstet\u201c, erkl\u00e4rt der Schulleiter der Heinrich-B\u00f6ll-Schule, Alexander Hauptmann. \u00a0Sein Stellvertreter Boris Oberle konnte dem Kollegium bereits vor Ferienbeginn vorl\u00e4ufige Stundenpl\u00e4ne aush\u00e4ndigen und [&hellip;]<\/p>\n","protected":false},"author":8,"featured_media":4705,"comment_status":"open","ping_status":"open","sticky":false,"template":"","format":"standard","meta":{"_et_pb_use_builder":"on","_et_pb_old_content":"","footnotes":""},"categories":[1],"tags":[],"class_list":["post-5755","post","type-post","status-publish","format-standard","has-post-thumbnail","hentry","category-allgemein"],"_links":{"self":[{"href":"https:\/\/www.xn--hbs-frth-b6a.de\/index.php\/wp-json\/wp\/v2\/posts\/5755","targetHints":{"allow":["GET"]}}],"collection":[{"href":"https:\/\/www.xn--hbs-frth-b6a.de\/index.php\/wp-json\/wp\/v2\/posts"}],"about":[{"href":"https:\/\/www.xn--hbs-frth-b6a.de\/index.php\/wp-json\/wp\/v2\/types\/post"}],"author":[{"embeddable":true,"href":"https:\/\/www.xn--hbs-frth-b6a.de\/index.php\/wp-json\/wp\/v2\/users\/8"}],"replies":[{"embeddable":true,"href":"https:\/\/www.xn--hbs-frth-b6a.de\/index.php\/wp-json\/wp\/v2\/comments?post=5755"}],"version-history":[{"count":2,"href":"https:\/\/www.xn--hbs-frth-b6a.de\/index.php\/wp-json\/wp\/v2\/posts\/5755\/revisions"}],"predecessor-version":[{"id":5758,"href":"https:\/\/www.xn--hbs-frth-b6a.de\/index.php\/wp-json\/wp\/v2\/posts\/5755\/revisions\/5758"}],"wp:featuredmedia":[{"embeddable":true,"href":"https:\/\/www.xn--hbs-frth-b6a.de\/index.php\/wp-json\/wp\/v2\/media\/4705"}],"wp:attachment":[{"href":"https:\/\/www.xn--hbs-frth-b6a.de\/index.php\/wp-json\/wp\/v2\/media?parent=5755"}],"wp:term":[{"taxonomy":"category","embeddable":true,"href":"https:\/\/www.xn--hbs-frth-b6a.de\/index.php\/wp-json\/wp\/v2\/categories?post=5755"},{"taxonomy":"post_tag","embeddable":true,"href":"https:\/\/www.xn--hbs-frth-b6a.de\/index.php\/wp-json\/wp\/v2\/tags?post=5755"}],"curies":[{"name":"wp","href":"https:\/\/api.w.org\/{rel}","templated":true}]}}