{"id":3083,"date":"2020-10-18T16:01:12","date_gmt":"2020-10-18T14:01:12","guid":{"rendered":"https:\/\/www.xn--hbs-frth-b6a.de\/?p=3083"},"modified":"2020-10-18T16:01:16","modified_gmt":"2020-10-18T14:01:16","slug":"bin-ich-verantwortlich","status":"publish","type":"post","link":"https:\/\/www.xn--hbs-frth-b6a.de\/index.php\/bin-ich-verantwortlich\/","title":{"rendered":"Bin ich? Verantwortlich?"},"content":{"rendered":"<p>[et_pb_section fb_built=&#8220;1&#8243; _builder_version=&#8220;4.0.6&#8243;][et_pb_row column_structure=&#8220;3_4,1_4&#8243; _builder_version=&#8220;4.0.6&#8243;][et_pb_column type=&#8220;3_4&#8243; _builder_version=&#8220;4.0.6&#8243;][et_pb_text _builder_version=&#8220;4.0.6&#8243; hover_enabled=&#8220;0&#8243;]<\/p>\n<p><strong>\u201eBin ich? Verantwortlich?\u201c<\/strong><\/p>\n<p><strong>Referenten geben HBS-Sch\u00fclern Einblick in Berufsalltag \/ B\u00fcrgermeister \u00d6hlenschl\u00e4ger zu Gast<\/strong><\/p>\n<p>F\u00fcrth. In Bewerbungsschreiben betonen die wohl meisten Kandidaten, dass sie nicht nur teamf\u00e4hig und kommunikativ sind, sondern auch eigenverantwortlich agieren k\u00f6nnen oder in der Lage sind, Verantwortung zu tragen. Doch was hei\u00dft es, verantwortlich zu sein? Dieser Frage gehen Zehntkl\u00e4ssler der Heinrich-B\u00f6ll-Schule in einem Wahlpflichtkurs zum Thema \u201eBin ich? Verantwortlich?\u201c nach. Pfarrerin Barbara Holzapfel-Hesselmann, die diesen Kurs leitet, l\u00e4dt dazu Referenten aus den unterschiedlichsten Bereichen ein. J\u00fcngst war F\u00fcrths B\u00fcrgermeister Volker \u00d6hlenschl\u00e4ger zu Gast.<\/p>\n<p>Der Rathauschef verstand es von der ersten Minute an, eine Beziehung zu den Sch\u00fclern aufzubauen. Er pr\u00e4sentierte sich als B\u00fcrgermeister, mit dem man leicht ins Gespr\u00e4ch kommt und der f\u00fcr alle Anliegen ein offenes Ohr hat. Im Mittelpunkt des Gespr\u00e4chs mit den Sch\u00fclern stand allerdings seine Arbeit als gew\u00e4hlter Verwaltungschef. \u00d6hlenschl\u00e4ger betonte mehrmals, dass es von gro\u00dfer Bedeutung ist, als Gruppe einen Konsens zu finden. Sobald eine Entscheidung getroffen sei, gelte es, so \u00d6hlenschl\u00e4ger weiter, daf\u00fcr die Verantwortung zu \u00fcbernehmen. Fakt sei, dass man im Team immer erfolgreicher sei als ein Einzelk\u00e4mpfer \u2013 das gelte f\u00fcr alle Bereiche, ob in der Schule oder im Beruf.<\/p>\n<p>Zu den bisherigen Referenten z\u00e4hlte der Psychologe Stephan D\u00e4bler, der den Sch\u00fclern verdeutlichte, dass jeder, der Verantwortung \u00fcbernimmt, sein Umfeld pr\u00e4gt und die Gesellschaft mitgestaltet.<\/p>\n<p>Pfarrer Uwe Buss f\u00e4cherte die Verantwortungsbereiche eines Seelsorgers auf. Die Sch\u00fcler waren stark beeindruckt, als sie von Pfarrer Buss erfuhren, dass eine 60-Stunden-Woche keine Seltenheit sei. Noch immer h\u00e4lt sich die Behauptung, Pfarrer h\u00e4tten ein ruhiges Leben und m\u00fcssten \u201enur\u201c den Gottesdienst gestalten. Nach wie vor ist der Seelsorger in einer Gemeinde eine wichtige Person, die Verantwortung f\u00fcr Mitmenschen tr\u00e4gt.<\/p>\n<p>Der Rettungssanit\u00e4ter Kevin Rauscher erz\u00e4hlte von den vielf\u00e4ltigen Aufgaben seiner Arbeit. Er betonte, wie gef\u00e4hrlich es inzwischen sei, als Rettungssanit\u00e4ter am Unfallort im Einsatz zu sein. Sie seien, so Rauscher weiter, inzwischen alle mit schuss- und stichfesten Westen ausger\u00fcstet.<\/p>\n<p>Nicht minder interessant waren die Ausf\u00fchrungen von Dominic Bylitza, Leiter des gleichnamigen Edeka-Marktes in F\u00fcrth. Sein Verantwortungsbereich ist breit gef\u00e4chert und reicht von der Kundenbetreuung \u00fcber den Lebensmitteleinkauf bis hin zur F\u00fchrung seiner Mitarbeiter. Dominic Bylitza machte dar\u00fcber hinaus deutlich, dass er nicht nur f\u00fcr seinen Betrieb, sondern auch f\u00fcr das gesellschaftliche Leben als B\u00fcrger mitverantwortlich sei. Rechtsradikale \u00c4u\u00dferungen beispielsweise nimmt er nicht unkommentiert hin. Gemeinsam mit anderen Kaufleuten setzte er den Hersteller eines Apfelweingetr\u00e4nks unter Druck, bis der Gesch\u00e4ftsf\u00fchrer, von dem die rechtsradikalen Parolen stammten, entlassen wurde. Nicht unerw\u00e4hnt lie\u00df Bylitza sein Engagement f\u00fcr die Vereine, die einen wichtigen Beitrag in unserer Gesellschaft leisten.<\/p>\n<p>N\u00e4chster Gast im Unterricht war Achim Kopp, Inhaber der gleichnamigen Firma Kopp Schleiftechnik. Grundlage seines Handelns gegen\u00fcber Mitarbeitern und Kunden ist sein christlicher Glaube. Beim Umsetzen diverser Pl\u00e4ne holt er immer die Ideen seiner Angestellten ein, beispielsweise beim Bau eines neuen Geb\u00e4udes. \u201eDie Wertsch\u00e4tzung meiner Mitarbeiter ist mir sehr wichtig\u201c, betonte Achim Kopp. Nicht minder freundlich und zuvorkommend geht man mit den Kunden um. Behandele andere so, wie du gerne behandelt werden m\u00f6chtest, laute sein Leitspruch, betonte der Unternehmer abschlie\u00dfend.<\/p>\n<p>Abgerundet wird die Vortragsreihe von Schulpolizisten Annika Netzer, die in ihrem Beruf nat\u00fcrlich Verantwortung gegen\u00fcber vielen unterschiedlichen Menschen hat.<\/p>\n<p>Die Referenten gaben den Sch\u00fclern einen umfassenden Einblick in ihren Berufsalltag und pr\u00e4sentierten den Jugendlichen die unterschiedlichsten Verantwortungsbereiche. \u201eDen Sch\u00fclern soll klar werden, wie wichtig es ist, Verantwortung zu \u00fcbernehmen \u2013 ob im Ehrenamt, in der Schule, in der Familie oder sp\u00e4ter im Beruf\u201c, fasste Pfarrerin Barbara Holzapfel-Hesselmann zusammen.<\/p>\n<p><img loading=\"lazy\" decoding=\"async\" class=\"wp-image-3086 size-medium aligncenter\" src=\"https:\/\/www.xn--hbs-frth-b6a.de\/wp-content\/uploads\/2020\/10\/referent-300x201.jpg\" alt=\"\" width=\"300\" height=\"201\" \/><\/p>\n<p>REFERENT. Zu den Referenten, die Schulpfarrerin Barbara Holzapfel-Hesselmann (Mitte) an die Heinrich-B\u00f6ll-Schule eingeladen hatte, geh\u00f6rte auch F\u00fcrths B\u00fcrgermeister Volker \u00d6hlenschl\u00e4ger (r.), den Schulleiter Alexander Hauptmann (l.) aufs herzlichste begr\u00fc\u00dfte. Zuh\u00f6rer und Fragesteller zugleich waren Sch\u00fcler des zehnten Jahrgangs. <\/p>\n<p>[\/et_pb_text][\/et_pb_column][et_pb_column type=&#8220;1_4&#8243; _builder_version=&#8220;4.0.6&#8243;][et_pb_blog show_author=&#8220;off&#8220; _builder_version=&#8220;4.0.6&#8243;][\/et_pb_blog][\/et_pb_column][\/et_pb_row][\/et_pb_section]<\/p>\n","protected":false},"excerpt":{"rendered":"<p>[et_pb_section fb_built=&#8220;1&#8243; _builder_version=&#8220;4.0.6&#8243;][et_pb_row column_structure=&#8220;3_4,1_4&#8243; _builder_version=&#8220;4.0.6&#8243;][et_pb_column type=&#8220;3_4&#8243; _builder_version=&#8220;4.0.6&#8243;][et_pb_text _builder_version=&#8220;4.0.6&#8243; hover_enabled=&#8220;0&#8243;] \u201eBin ich? Verantwortlich?\u201c Referenten geben HBS-Sch\u00fclern Einblick in Berufsalltag \/ B\u00fcrgermeister \u00d6hlenschl\u00e4ger zu Gast F\u00fcrth. In Bewerbungsschreiben betonen die wohl meisten Kandidaten, dass sie nicht nur teamf\u00e4hig und kommunikativ sind, sondern auch eigenverantwortlich agieren k\u00f6nnen oder in der Lage sind, Verantwortung zu tragen. Doch was hei\u00dft [&hellip;]<\/p>\n","protected":false},"author":1,"featured_media":3086,"comment_status":"open","ping_status":"open","sticky":false,"template":"","format":"standard","meta":{"_et_pb_use_builder":"on","_et_pb_old_content":"","footnotes":""},"categories":[1],"tags":[],"class_list":["post-3083","post","type-post","status-publish","format-standard","has-post-thumbnail","hentry","category-allgemein"],"_links":{"self":[{"href":"https:\/\/www.xn--hbs-frth-b6a.de\/index.php\/wp-json\/wp\/v2\/posts\/3083","targetHints":{"allow":["GET"]}}],"collection":[{"href":"https:\/\/www.xn--hbs-frth-b6a.de\/index.php\/wp-json\/wp\/v2\/posts"}],"about":[{"href":"https:\/\/www.xn--hbs-frth-b6a.de\/index.php\/wp-json\/wp\/v2\/types\/post"}],"author":[{"embeddable":true,"href":"https:\/\/www.xn--hbs-frth-b6a.de\/index.php\/wp-json\/wp\/v2\/users\/1"}],"replies":[{"embeddable":true,"href":"https:\/\/www.xn--hbs-frth-b6a.de\/index.php\/wp-json\/wp\/v2\/comments?post=3083"}],"version-history":[{"count":2,"href":"https:\/\/www.xn--hbs-frth-b6a.de\/index.php\/wp-json\/wp\/v2\/posts\/3083\/revisions"}],"predecessor-version":[{"id":3087,"href":"https:\/\/www.xn--hbs-frth-b6a.de\/index.php\/wp-json\/wp\/v2\/posts\/3083\/revisions\/3087"}],"wp:featuredmedia":[{"embeddable":true,"href":"https:\/\/www.xn--hbs-frth-b6a.de\/index.php\/wp-json\/wp\/v2\/media\/3086"}],"wp:attachment":[{"href":"https:\/\/www.xn--hbs-frth-b6a.de\/index.php\/wp-json\/wp\/v2\/media?parent=3083"}],"wp:term":[{"taxonomy":"category","embeddable":true,"href":"https:\/\/www.xn--hbs-frth-b6a.de\/index.php\/wp-json\/wp\/v2\/categories?post=3083"},{"taxonomy":"post_tag","embeddable":true,"href":"https:\/\/www.xn--hbs-frth-b6a.de\/index.php\/wp-json\/wp\/v2\/tags?post=3083"}],"curies":[{"name":"wp","href":"https:\/\/api.w.org\/{rel}","templated":true}]}}