{"id":2908,"date":"2020-09-11T14:21:00","date_gmt":"2020-09-11T12:21:00","guid":{"rendered":"https:\/\/www.xn--hbs-frth-b6a.de\/?p=2908"},"modified":"2020-09-15T11:39:47","modified_gmt":"2020-09-15T09:39:47","slug":"neues-kapitel-aufgeschlagen","status":"publish","type":"post","link":"https:\/\/www.xn--hbs-frth-b6a.de\/index.php\/neues-kapitel-aufgeschlagen\/","title":{"rendered":"Neues Kapitel aufgeschlagen"},"content":{"rendered":"<p>[et_pb_section fb_built=&#8220;1&#8243; _builder_version=&#8220;4.0.6&#8243;][et_pb_row column_structure=&#8220;3_4,1_4&#8243; _builder_version=&#8220;4.0.6&#8243;][et_pb_column type=&#8220;3_4&#8243; _builder_version=&#8220;4.0.6&#8243;][et_pb_text _builder_version=&#8220;4.0.6&#8243; hover_enabled=&#8220;0&#8243;]<\/p>\n<h2><em>Start der Oberstufenklasse an der Heinrich-B\u00f6ll-Schule \/ Dependance der Karl-K\u00fcbel-Schule<\/em><\/h2>\n<p>Der stellvertretende Schulleiter der Heinrich-B\u00f6ll-Schule, Boris Oberle, lie\u00df es sich nicht nehmen, die 15 Sch\u00fcler der Oberstufenklasse w\u00e4hrend ihrer ersten offiziellen Schulstunde zu begr\u00fc\u00dfen. Grund genug, den Deutschunterricht kurz zu unterbrechen und sich des besonderen Augenblicks bewusst zu werden.<\/p>\n<p>Oberle, der im vergangenen Schuljahr in engem Kontakt mit den Verantwortlichen der Karl-K\u00fcbel-Schule die organisatorischen Weichen f\u00fcr die Realisierung der sogenannten Einf\u00fchrungsphase der Oberstufe stellte, machte in einer kurzen Ansprache auf die Bedeutung dieses \u201ehistorischen Ereignisses\u201c f\u00fcr die integrierte Gesamtschule aufmerksam. Jahrzehntelang habe sich die HBS um eine Oberstufe bem\u00fcht, nun sei der Augenblick gekommen. \u201eIhr schreibt Geschichte\u201c, brachte der stellvertretende Schulleiter die Premiere auf den Punkt.<\/p>\n<p>Die Heinrich-B\u00f6ll-Schule ist in diesem speziellen Fall eine Dependance der Karl-K\u00fcbel-Schule. An drei Tagen in der Woche werden die Sch\u00fcler in F\u00fcrth und an zwei Tagen in Bensheim unterrichtet. Ziel der Jugendlichen ist die Erlangung der Allgemeinen Hochschulreife.<\/p>\n<p>Geht es nach dem Willen der beiden Schulen, sollen die Zusammenarbeit und das Angebot in Zukunft weiter ausgebaut werden. \u201eDie Heinrich-B\u00f6ll-Schule hat mit der Oberstufenklasse ein weiteres Angebot in ihrem breitgef\u00e4cherten Portfolio. Zudem kommen wir damit einem in der Vergangenheit vielfach ge\u00e4u\u00dferten Wunsch unserer Sch\u00fcler und der Eltern nach\u201c, betonten Schulleiter Alexander Hauptmann und sein Stellvertreter Boris Oberle einm\u00fctig.<\/p>\n<p>Quelle: Odenw\u00e4lder Zeitung<\/p>\n<p>[\/et_pb_text][et_pb_blurb image=&#8220;https:\/\/www.xn--hbs-frth-b6a.de\/wp-content\/uploads\/2020\/09\/200817_premiere-scaled.jpg&#8220; _builder_version=&#8220;4.0.6&#8243;]<\/p>\n<p style=\"text-align: center;\"><em>PREMIERE. Der stellvertretende Schulleiter der Heinrich-B\u00f6ll-Schule, Boris Oberle, (r.) begr\u00fc\u00dfte die Sch\u00fcler der ersten Oberstufenklasse an der integrierten Gesamtschule. Die HBS versteht sich dabei als Dependance der Karl-K\u00fcbel-Schule in Bensheim.<\/em><\/p>\n<p>[\/et_pb_blurb][\/et_pb_column][et_pb_column type=&#8220;1_4&#8243; _builder_version=&#8220;4.0.6&#8243;][et_pb_blog show_author=&#8220;off&#8220; _builder_version=&#8220;4.0.6&#8243;][\/et_pb_blog][\/et_pb_column][\/et_pb_row][\/et_pb_section]<\/p>\n","protected":false},"excerpt":{"rendered":"<p>[et_pb_section fb_built=&#8220;1&#8243; _builder_version=&#8220;4.0.6&#8243;][et_pb_row column_structure=&#8220;3_4,1_4&#8243; _builder_version=&#8220;4.0.6&#8243;][et_pb_column type=&#8220;3_4&#8243; _builder_version=&#8220;4.0.6&#8243;][et_pb_text _builder_version=&#8220;4.0.6&#8243; hover_enabled=&#8220;0&#8243;] Start der Oberstufenklasse an der Heinrich-B\u00f6ll-Schule \/ Dependance der Karl-K\u00fcbel-Schule Der stellvertretende Schulleiter der Heinrich-B\u00f6ll-Schule, Boris Oberle, lie\u00df es sich nicht nehmen, die 15 Sch\u00fcler der Oberstufenklasse w\u00e4hrend ihrer ersten offiziellen Schulstunde zu begr\u00fc\u00dfen. Grund genug, den Deutschunterricht kurz zu unterbrechen und sich des besonderen Augenblicks [&hellip;]<\/p>\n","protected":false},"author":1,"featured_media":2907,"comment_status":"open","ping_status":"open","sticky":false,"template":"","format":"standard","meta":{"_et_pb_use_builder":"on","_et_pb_old_content":"","footnotes":""},"categories":[1],"tags":[],"class_list":["post-2908","post","type-post","status-publish","format-standard","has-post-thumbnail","hentry","category-allgemein"],"_links":{"self":[{"href":"https:\/\/www.xn--hbs-frth-b6a.de\/index.php\/wp-json\/wp\/v2\/posts\/2908","targetHints":{"allow":["GET"]}}],"collection":[{"href":"https:\/\/www.xn--hbs-frth-b6a.de\/index.php\/wp-json\/wp\/v2\/posts"}],"about":[{"href":"https:\/\/www.xn--hbs-frth-b6a.de\/index.php\/wp-json\/wp\/v2\/types\/post"}],"author":[{"embeddable":true,"href":"https:\/\/www.xn--hbs-frth-b6a.de\/index.php\/wp-json\/wp\/v2\/users\/1"}],"replies":[{"embeddable":true,"href":"https:\/\/www.xn--hbs-frth-b6a.de\/index.php\/wp-json\/wp\/v2\/comments?post=2908"}],"version-history":[{"count":5,"href":"https:\/\/www.xn--hbs-frth-b6a.de\/index.php\/wp-json\/wp\/v2\/posts\/2908\/revisions"}],"predecessor-version":[{"id":2954,"href":"https:\/\/www.xn--hbs-frth-b6a.de\/index.php\/wp-json\/wp\/v2\/posts\/2908\/revisions\/2954"}],"wp:featuredmedia":[{"embeddable":true,"href":"https:\/\/www.xn--hbs-frth-b6a.de\/index.php\/wp-json\/wp\/v2\/media\/2907"}],"wp:attachment":[{"href":"https:\/\/www.xn--hbs-frth-b6a.de\/index.php\/wp-json\/wp\/v2\/media?parent=2908"}],"wp:term":[{"taxonomy":"category","embeddable":true,"href":"https:\/\/www.xn--hbs-frth-b6a.de\/index.php\/wp-json\/wp\/v2\/categories?post=2908"},{"taxonomy":"post_tag","embeddable":true,"href":"https:\/\/www.xn--hbs-frth-b6a.de\/index.php\/wp-json\/wp\/v2\/tags?post=2908"}],"curies":[{"name":"wp","href":"https:\/\/api.w.org\/{rel}","templated":true}]}}