{"id":2198,"date":"2020-02-12T15:25:20","date_gmt":"2020-02-12T14:25:20","guid":{"rendered":"https:\/\/www.xn--hbs-frth-b6a.de\/?p=2198"},"modified":"2020-02-13T15:25:39","modified_gmt":"2020-02-13T14:25:39","slug":"start-der-oberstufenklasse-steht-nichts-mehr-im-weg","status":"publish","type":"post","link":"https:\/\/www.xn--hbs-frth-b6a.de\/index.php\/start-der-oberstufenklasse-steht-nichts-mehr-im-weg\/","title":{"rendered":"Start der Oberstufenklasse steht nichts mehr im Weg"},"content":{"rendered":"<p>[et_pb_section fb_built=&#8220;1&#8243; _builder_version=&#8220;4.0.6&#8243;][et_pb_row column_structure=&#8220;3_4,1_4&#8243; _builder_version=&#8220;4.0.6&#8243;][et_pb_column type=&#8220;3_4&#8243; _builder_version=&#8220;4.0.6&#8243;][et_pb_text _builder_version=&#8220;4.0.6&#8243;]<\/p>\n<h2><em>Erfolgreiche Gespr\u00e4che zwischen Heinrich-B\u00f6ll-Schule und Karl-K\u00fcbel-Schule \/ Vorteil f\u00fcr Sch\u00fcler<\/em><\/h2>\n<p>\u201eDem Start der Oberstufenklasse an der Heinrich-B\u00f6ll-Schule steht nichts mehr im Weg. Ab dem Schuljahr 2020\/21 wird eine Einf\u00fchrungsklasse mit dem Ziel `Allgemeines Abitur` an unserer Schule erstmals unterrichtet.\u201c Boris Oberle, stellvertretender Schulleiter der integrierten Gesamtschule und federf\u00fchrend verantwortlich f\u00fcr dieses Projekt, war die Freude \u00fcber die erfolgreichen Gespr\u00e4che mit den Verantwortlichen an der Karl-K\u00fcbel-Schule anzusehen, als er die positive Nachricht an Schulleiter Alexander Hauptmann und das F\u00fchrungsteam \u00fcberbrachte.<\/p>\n<p>Schon im vergangenen Jahr gab es auf h\u00f6chster Ebene Gespr\u00e4che, die eine derartige Variante zum Inhalt hatte. Ulrike R\u00fcger, Schulleiterin der Karl-K\u00fcbel-Schule in Bensheim, zeigte von Beginn gro\u00dfes Interesse an einer Kooperation mit der Heinrich-B\u00f6ll-Schule und forcierte \u2013 sehr zur Freude von HBS-Schulleiter Alexander Hauptmann \u2013 die Bestrebungen hin zu einer Art Dependance im Odenwald.<\/p>\n<p>Dass die Zusammenarbeit nicht etwa einem Zufall geschuldet ist, machen handfeste Zahlen deutlich: Immer mehr Abg\u00e4nger der HBS pr\u00e4ferierten in den vergangenen Jahren eine Fortsetzung ihrer Schullaufbahn an der KKS in Bensheim. Die Karl-K\u00fcbel-Schule hat den gro\u00dfen Vorteil, mehrere unterschiedliche Bildungsg\u00e4nge anbieten zu k\u00f6nnen: vom Weg zum Allgemeinen Abitur am Gymnasium bis zur allgemeinen Fachhochschulreife an der Fachoberschule. Dar\u00fcber hinaus k\u00f6nnen die Sch\u00fcler schon Schwerpunkte wie etwa Wirtschaft oder Gesundheit w\u00e4hlen und wertvolle Grundlagen schaffen f\u00fcr einen Berufsstart in den jeweiligen Branchen oder einem Studium in diesen Fachbereichen.<\/p>\n<p>Erste Ann\u00e4hrungen entstanden im vergangenen Jahr zwischen den beiden Schulen bei der Ausbildung der \u201eLehrer im Vorbereitungsdienst\u201c, fr\u00fcher \u201eReferendare\u201c genannt. Mittlerweile gibt es mehrere \u201eLiV`s\u201c, die HBS und KKS gemeinsam ausbilden. Schulleiter Alexander Hauptmann realisierte zudem eine direkte Busverbindung aus dem Odenwald an die Schule in Bensheim. Dann visierten Ulrike R\u00fcger und Alexander Hauptmann die Bildung einer Einf\u00fchrungsklasse der gymnasialen Oberstufe an der HBS an. Die Pl\u00e4ne konkretisierten sich in den vergangenen Monaten immer st\u00e4rker.<\/p>\n<p>Das endg\u00fcltige Paket wurde in der vergangenen Woche geschn\u00fcrt. Boris Oberle traf sich mit Mutgard Hornbacher, der p\u00e4dagogischen Leiterin des Beruflichen Gymnasiums und der Fachoberschule, und Matthias Sch\u00e4fer, dem Leiter des Beruflichen Gymnasiums, an der KKS zu einem abschlie\u00dfenden Gespr\u00e4ch in Bensheim. Matthias Sch\u00e4fer hatte bereits einen m\u00f6glichen Stundenplan akribisch ausgearbeitet und bekundete ohne Wenn und Aber \u2013 ebenso wie Mutgard Hornbacher \u2013 den festen Willen, das Projekt zum neuen Schuljahr zu starten. Boris Oberle seinerseits betonte, dass die HBS alles daransetze, den potentiellen Oberstufensch\u00fclern der HBS diese Chance zu er\u00f6ffnen. \u201eNat\u00fcrlich k\u00f6nnen auch Zehntkl\u00e4ssler der anderen Odenw\u00e4lder Schulen dieses Angebot annehmen\u201c, bemerkte Oberle.<\/p>\n<p>Die vorl\u00e4ufigen Planungen sehen vor, dass die Sch\u00fcler an drei Tagen an der integrierten Gesamtschule in F\u00fcrth und an zwei Tagen \u2013 in den gew\u00e4hlten F\u00e4chern der jeweiligen Fachrichtungen \u2013 an der KKS in Bensheim unterrichtet werden. Mutgard Hornbacher, Matthias Sch\u00e4fer und Boris Oberle waren sich dar\u00fcber einig, dass die Lehrer beider Schulen einen engen Kontakt pflegen und sich im Voraus zu einem Gedankenaustausch treffen sollten. Ziel ist es, den Stoffplan abzusprechen und auch ein methodisches Vorgehen zu kl\u00e4ren. \u201eBeiden Seiten ist sehr daran gelegen, dass der Start zum neuen Schuljahr problemlos gelingt\u201c, fasste der stellvertretende Schulleiter der HBS zusammen. <\/p>\n<p>[\/et_pb_text][et_pb_blurb image=&#8220;https:\/\/www.xn--hbs-frth-b6a.de\/wp-content\/uploads\/2020\/02\/IMG_7990_xs.jpg&#8220; _builder_version=&#8220;4.0.6&#8243;]<\/p>\n<p style=\"text-align: center;\"><em>Ab dem Schuljahr 2020\/21 wird eine Einf\u00fchrungsklasse mit dem Ziel \u201eAllgemeines Abitur\u201c an der F\u00fcrther Heinrich-B\u00f6ll-Schule in Kooperation mit der Bensheimer Karl-K\u00fcbel-Schule erstmals unterrichtet.<\/em><\/p>\n<p>[\/et_pb_blurb][\/et_pb_column][et_pb_column type=&#8220;1_4&#8243; _builder_version=&#8220;4.0.6&#8243;][et_pb_blog _builder_version=&#8220;4.0.6&#8243;][\/et_pb_blog][\/et_pb_column][\/et_pb_row][\/et_pb_section]<\/p>\n","protected":false},"excerpt":{"rendered":"<p>[et_pb_section fb_built=&#8220;1&#8243; _builder_version=&#8220;4.0.6&#8243;][et_pb_row column_structure=&#8220;3_4,1_4&#8243; _builder_version=&#8220;4.0.6&#8243;][et_pb_column type=&#8220;3_4&#8243; _builder_version=&#8220;4.0.6&#8243;][et_pb_text _builder_version=&#8220;4.0.6&#8243;] Erfolgreiche Gespr\u00e4che zwischen Heinrich-B\u00f6ll-Schule und Karl-K\u00fcbel-Schule \/ Vorteil f\u00fcr Sch\u00fcler \u201eDem Start der Oberstufenklasse an der Heinrich-B\u00f6ll-Schule steht nichts mehr im Weg. Ab dem Schuljahr 2020\/21 wird eine Einf\u00fchrungsklasse mit dem Ziel `Allgemeines Abitur` an unserer Schule erstmals unterrichtet.\u201c Boris Oberle, stellvertretender Schulleiter der integrierten Gesamtschule und [&hellip;]<\/p>\n","protected":false},"author":3,"featured_media":2201,"comment_status":"open","ping_status":"open","sticky":false,"template":"","format":"standard","meta":{"_et_pb_use_builder":"on","_et_pb_old_content":"","footnotes":""},"categories":[1],"tags":[],"class_list":["post-2198","post","type-post","status-publish","format-standard","has-post-thumbnail","hentry","category-allgemein"],"_links":{"self":[{"href":"https:\/\/www.xn--hbs-frth-b6a.de\/index.php\/wp-json\/wp\/v2\/posts\/2198","targetHints":{"allow":["GET"]}}],"collection":[{"href":"https:\/\/www.xn--hbs-frth-b6a.de\/index.php\/wp-json\/wp\/v2\/posts"}],"about":[{"href":"https:\/\/www.xn--hbs-frth-b6a.de\/index.php\/wp-json\/wp\/v2\/types\/post"}],"author":[{"embeddable":true,"href":"https:\/\/www.xn--hbs-frth-b6a.de\/index.php\/wp-json\/wp\/v2\/users\/3"}],"replies":[{"embeddable":true,"href":"https:\/\/www.xn--hbs-frth-b6a.de\/index.php\/wp-json\/wp\/v2\/comments?post=2198"}],"version-history":[{"count":5,"href":"https:\/\/www.xn--hbs-frth-b6a.de\/index.php\/wp-json\/wp\/v2\/posts\/2198\/revisions"}],"predecessor-version":[{"id":2205,"href":"https:\/\/www.xn--hbs-frth-b6a.de\/index.php\/wp-json\/wp\/v2\/posts\/2198\/revisions\/2205"}],"wp:featuredmedia":[{"embeddable":true,"href":"https:\/\/www.xn--hbs-frth-b6a.de\/index.php\/wp-json\/wp\/v2\/media\/2201"}],"wp:attachment":[{"href":"https:\/\/www.xn--hbs-frth-b6a.de\/index.php\/wp-json\/wp\/v2\/media?parent=2198"}],"wp:term":[{"taxonomy":"category","embeddable":true,"href":"https:\/\/www.xn--hbs-frth-b6a.de\/index.php\/wp-json\/wp\/v2\/categories?post=2198"},{"taxonomy":"post_tag","embeddable":true,"href":"https:\/\/www.xn--hbs-frth-b6a.de\/index.php\/wp-json\/wp\/v2\/tags?post=2198"}],"curies":[{"name":"wp","href":"https:\/\/api.w.org\/{rel}","templated":true}]}}