{"id":17978,"date":"2024-12-19T15:42:36","date_gmt":"2024-12-19T14:42:36","guid":{"rendered":"https:\/\/www.xn--hbs-frth-b6a.de\/?p=17978"},"modified":"2024-12-19T15:42:38","modified_gmt":"2024-12-19T14:42:38","slug":"vor-weihnachtliche-stimmung-an-der-heinrich-boell-schule-fuerth","status":"publish","type":"post","link":"https:\/\/www.xn--hbs-frth-b6a.de\/index.php\/vor-weihnachtliche-stimmung-an-der-heinrich-boell-schule-fuerth\/","title":{"rendered":"(Vor-)Weihnachtliche Stimmung an der Heinrich-B\u00f6ll-Schule F\u00fcrth"},"content":{"rendered":"<p>[et_pb_section fb_built=&#8220;1&#8243; _builder_version=&#8220;4.0.6&#8243;][et_pb_row column_structure=&#8220;3_4,1_4&#8243; _builder_version=&#8220;4.0.6&#8243;][et_pb_column type=&#8220;3_4&#8243; _builder_version=&#8220;4.0.6&#8243;][et_pb_text _builder_version=&#8220;4.0.6&#8243; hover_enabled=&#8220;0&#8243;]<\/p>\n<h3>Integrierte Gesamtschule besucht evangelische Kirche und schm\u00fcckt das Foyer<\/h3>\n<p>Welche Geschichte ist eigentlich mit dem Nikolaus verbunden? Wann lebte er? Was hat sein Leben ausgemacht? Antworten auf diese Fragen bekamen die Religions-Sch\u00fclerinnen und \u2013Sch\u00fcler der Jahrgangsstufe 6 der Heinrich-B\u00f6ll-Schule F\u00fcrth, die vergangene Woche die evangelische Kirche besuchten. Musikalisch begleitet wurde der Besuch durch Herrn Oelert, dem Organisten der Gemeinde.<\/p>\n<p>Gespannt lauschten die Kinder der Geschichte des Nikolaus\u2019: Er lebte von 270-343 und hatte wohlhabende Eltern. Von klein auf war er es gewohnt, seinen Reichtum zu teilen. Der Nikolaus war Bischoff von Tita (T\u00fcrkei). Besonders lehrreich war eine Episode aus seinem Leben, als er einen Kapit\u00e4n dazu \u00fcberredete, eine Fuhre Getreide mit den Bewohnern einer Stadt zu teilen, die am Verhungern waren. Solidarit\u00e4t und N\u00e4chstenliebe zeichneten den Nikolaus aus. Das Besondere an der Geschichte ist, dass der Kapit\u00e4n, der das Getreide teilte, mit vollem Speicher in Konstantinopel ankam. Es fehlte kein Korn Getreide. Diese und andere Wundergeschichten werden bis heute mit dem Nikolaus verbunden.<\/p>\n<p>Am Todestag des Nikolaus wird daran erinnert, dass er einer armen Familie drei Klumpen Gold geschenkt hat. Mit seinem Geschenk hat er die Familie gerettet und sie vor dem Tod bewahrt. Auf dem R\u00fcckweg von der Kirche zur Schule durften die jungen Lernenden im Foyer des Schulgeb\u00e4udes eine Krippe sowie einen festlich geschm\u00fcckten Weihnachtsbaum bewundern. An der Dekorations-Aktion waren folgende Sch\u00fclerinnen und Sch\u00fcler beteiligt: Edison Hanza, Noah Pfeiffer, Giulio Promontorio, Farzad Sediqi und Maximilian Stark sowie Mirjam Brenneis, Enie Wissel, Nele Kuhrau und Vanessa Funck.<\/p>\n<p>In verbleibenden Tagen k\u00f6nnen sich die Kinder und Jugendlichen sowie das Kollegium an der Krippe und dem Baum erfreuen.<\/p>\n<p><img loading=\"lazy\" decoding=\"async\" class=\"wp-image-17979 aligncenter size-full\" src=\"https:\/\/www.xn--hbs-frth-b6a.de\/wp-content\/uploads\/2024\/12\/Bild_Schmuecken-scaled.jpg\" alt=\"Ein gro\u00dfer und geschm\u00fcckter Weihnachtsbaum steht im Foyer der Schule\" width=\"2560\" height=\"1707\" \/><\/p>\n<p>[\/et_pb_text][\/et_pb_column][et_pb_column type=&#8220;1_4&#8243; _builder_version=&#8220;4.0.6&#8243;][et_pb_blog _builder_version=&#8220;4.0.6&#8243;][\/et_pb_blog][\/et_pb_column][\/et_pb_row][\/et_pb_section]<\/p>\n","protected":false},"excerpt":{"rendered":"<p>[et_pb_section fb_built=&#8220;1&#8243; _builder_version=&#8220;4.0.6&#8243;][et_pb_row column_structure=&#8220;3_4,1_4&#8243; _builder_version=&#8220;4.0.6&#8243;][et_pb_column type=&#8220;3_4&#8243; _builder_version=&#8220;4.0.6&#8243;][et_pb_text _builder_version=&#8220;4.0.6&#8243; hover_enabled=&#8220;0&#8243;] Integrierte Gesamtschule besucht evangelische Kirche und schm\u00fcckt das Foyer Welche Geschichte ist eigentlich mit dem Nikolaus verbunden? Wann lebte er? Was hat sein Leben ausgemacht? Antworten auf diese Fragen bekamen die Religions-Sch\u00fclerinnen und \u2013Sch\u00fcler der Jahrgangsstufe 6 der Heinrich-B\u00f6ll-Schule F\u00fcrth, die vergangene Woche die evangelische Kirche [&hellip;]<\/p>\n","protected":false},"author":8,"featured_media":17979,"comment_status":"open","ping_status":"open","sticky":false,"template":"","format":"standard","meta":{"_et_pb_use_builder":"on","_et_pb_old_content":"","footnotes":""},"categories":[1],"tags":[],"class_list":["post-17978","post","type-post","status-publish","format-standard","has-post-thumbnail","hentry","category-allgemein"],"_links":{"self":[{"href":"https:\/\/www.xn--hbs-frth-b6a.de\/index.php\/wp-json\/wp\/v2\/posts\/17978","targetHints":{"allow":["GET"]}}],"collection":[{"href":"https:\/\/www.xn--hbs-frth-b6a.de\/index.php\/wp-json\/wp\/v2\/posts"}],"about":[{"href":"https:\/\/www.xn--hbs-frth-b6a.de\/index.php\/wp-json\/wp\/v2\/types\/post"}],"author":[{"embeddable":true,"href":"https:\/\/www.xn--hbs-frth-b6a.de\/index.php\/wp-json\/wp\/v2\/users\/8"}],"replies":[{"embeddable":true,"href":"https:\/\/www.xn--hbs-frth-b6a.de\/index.php\/wp-json\/wp\/v2\/comments?post=17978"}],"version-history":[{"count":2,"href":"https:\/\/www.xn--hbs-frth-b6a.de\/index.php\/wp-json\/wp\/v2\/posts\/17978\/revisions"}],"predecessor-version":[{"id":17982,"href":"https:\/\/www.xn--hbs-frth-b6a.de\/index.php\/wp-json\/wp\/v2\/posts\/17978\/revisions\/17982"}],"wp:featuredmedia":[{"embeddable":true,"href":"https:\/\/www.xn--hbs-frth-b6a.de\/index.php\/wp-json\/wp\/v2\/media\/17979"}],"wp:attachment":[{"href":"https:\/\/www.xn--hbs-frth-b6a.de\/index.php\/wp-json\/wp\/v2\/media?parent=17978"}],"wp:term":[{"taxonomy":"category","embeddable":true,"href":"https:\/\/www.xn--hbs-frth-b6a.de\/index.php\/wp-json\/wp\/v2\/categories?post=17978"},{"taxonomy":"post_tag","embeddable":true,"href":"https:\/\/www.xn--hbs-frth-b6a.de\/index.php\/wp-json\/wp\/v2\/tags?post=17978"}],"curies":[{"name":"wp","href":"https:\/\/api.w.org\/{rel}","templated":true}]}}