{"id":12776,"date":"2024-04-10T10:25:09","date_gmt":"2024-04-10T08:25:09","guid":{"rendered":"https:\/\/www.xn--hbs-frth-b6a.de\/?p=12776"},"modified":"2024-04-10T10:30:22","modified_gmt":"2024-04-10T08:30:22","slug":"we-have-a-voice-projekt-der-dbs-zu-gast-an-der-hbs","status":"publish","type":"post","link":"https:\/\/www.xn--hbs-frth-b6a.de\/index.php\/we-have-a-voice-projekt-der-dbs-zu-gast-an-der-hbs\/","title":{"rendered":"\u201eWe have a Voice\u201c-Projekt der DBS zu Gast an der HBS"},"content":{"rendered":"<p>[et_pb_section fb_built=&#8220;1&#8243; _builder_version=&#8220;4.0.6&#8243;][et_pb_row column_structure=&#8220;3_4,1_4&#8243; _builder_version=&#8220;4.0.6&#8243;][et_pb_column type=&#8220;3_4&#8243; _builder_version=&#8220;4.0.6&#8243;][et_pb_text _builder_version=&#8220;4.0.6&#8243; hover_enabled=&#8220;0&#8243;]<\/p>\n<p>Was bedeutet Rassismus? Wie kann man Rassismus verst\u00e4ndlich und nachvollziehbar machen? Eine m\u00f6gliche Antwort ist darin zu sehen, dem Thema eine Stimme zu verleihen und Menschen, die Rassismus erfahren und erlitten haben, zusammenzubringen. Genau das hat Anna Reid getan. Gemeinsam mit Heranwachsenden hat sie das Projekt \u201eWe have a Voice\u201c initiiert. Ziel des Projekts ist es, auf Alltagsrassismus aufmerksam zu machen.<\/p>\n<p>Anna Reid berichtet von zwei Szenarien: Im ersten Beispiel steigt ein Mensch mit dunkler Hautfarbe gemeinsam mit seinen (wei\u00dfen) Freunden in einen Bus ein. An der n\u00e4chsten Station steigen Kontrolleure ein, die nur ihn, aber nicht seine Freunde kontrollieren. Im zweiten Beispiel erz\u00e4hlt sie von einem M\u00e4dchen mit Afro-Look, dem auf der Stra\u00dfe ungefragt in die Haare gegriffen wird, weil andere wissen m\u00f6chten, wie sich das Haar anf\u00fchlt. \u201eAlltagsrassismus hat viele verschiedene Gesichter\u201c, berichtet Reid. \u201eEr reicht von Provokationen \u00fcber Beschimpfungen bis hin zu k\u00f6rperlichen Angriffen\u201c. Wichtig sei, so Reid weiter, solche Erfahrungen nicht stillschweigend zu ertragen. Es bedarf einer Stimme, um sich dagegen zu wehren.<\/p>\n<p>F\u00fcr drei Tage war Reid gemeinsam mit Jugendlichen der Dietrich-Bonhoeffer-Schule (DBS) an der Heinrich-B\u00f6ll-Schule (HBS) in F\u00fcrth zu Gast. Nach einer Einf\u00fchrung gab es die M\u00f6glichkeit, dass sich die Jugendlichen untereinander austauschen k\u00f6nnen. Die HBSler zeigten sich sichtlich ergriffen und bewegt von den negativen Erfahrungen der Heranwachsenden der DBS. Schrittweise begannen auch sie sich zu \u00f6ffnen und zu erz\u00e4hlen, wie sie aufgrund ihrer Hautfarbe, Religion und Herkunft angegriffen wurden und immer noch werden. Von der HBS nahmen folgende Sch\u00fclerinnen und Sch\u00fcler am Projekt teil: Samuel Eckert, Edison Hamza, Damla Jovinda, Shahd Kassab, Lisa Mnawr, Giulio Promontorio und Jovanny Rothenstein-Medeiros.<\/p>\n<p><img loading=\"lazy\" decoding=\"async\" src=\"https:\/\/www.xn--hbs-frth-b6a.de\/wp-content\/uploads\/2024\/04\/Bild_We-have-a-voice-1024x682.jpeg\" width=\"1024\" height=\"682\" alt=\"Das Bild zeigt das \" we=\"\" have=\"\" a=\"\" voice=\"\" team=\"\" class=\"wp-image-12777 aligncenter size-large\" \/><\/p>\n<div>\n<div>Im Bild stehen von links nach rechts: Anna Reid, Naeb A. Mobae, Jermaine McCarthy, Aaron Meconen, Hanad Musse Hersi, Enrico und Jarka Yosief, Leona Cooper, Leyla Reid und Samir Cullimore.<\/div>\n<div><\/div>\n<\/div>\n<div><span style=\"color: #000000;\"><\/span><\/div>\n<p>[\/et_pb_text][\/et_pb_column][et_pb_column type=&#8220;1_4&#8243; _builder_version=&#8220;4.0.6&#8243;][et_pb_blog _builder_version=&#8220;4.0.6&#8243;][\/et_pb_blog][\/et_pb_column][\/et_pb_row][\/et_pb_section]<\/p>\n","protected":false},"excerpt":{"rendered":"<p>[et_pb_section fb_built=&#8220;1&#8243; _builder_version=&#8220;4.0.6&#8243;][et_pb_row column_structure=&#8220;3_4,1_4&#8243; _builder_version=&#8220;4.0.6&#8243;][et_pb_column type=&#8220;3_4&#8243; _builder_version=&#8220;4.0.6&#8243;][et_pb_text _builder_version=&#8220;4.0.6&#8243; hover_enabled=&#8220;0&#8243;] Was bedeutet Rassismus? Wie kann man Rassismus verst\u00e4ndlich und nachvollziehbar machen? Eine m\u00f6gliche Antwort ist darin zu sehen, dem Thema eine Stimme zu verleihen und Menschen, die Rassismus erfahren und erlitten haben, zusammenzubringen. Genau das hat Anna Reid getan. Gemeinsam mit Heranwachsenden hat sie das Projekt [&hellip;]<\/p>\n","protected":false},"author":8,"featured_media":12777,"comment_status":"open","ping_status":"open","sticky":false,"template":"","format":"standard","meta":{"_et_pb_use_builder":"on","_et_pb_old_content":"","footnotes":""},"categories":[1],"tags":[],"class_list":["post-12776","post","type-post","status-publish","format-standard","has-post-thumbnail","hentry","category-allgemein"],"_links":{"self":[{"href":"https:\/\/www.xn--hbs-frth-b6a.de\/index.php\/wp-json\/wp\/v2\/posts\/12776","targetHints":{"allow":["GET"]}}],"collection":[{"href":"https:\/\/www.xn--hbs-frth-b6a.de\/index.php\/wp-json\/wp\/v2\/posts"}],"about":[{"href":"https:\/\/www.xn--hbs-frth-b6a.de\/index.php\/wp-json\/wp\/v2\/types\/post"}],"author":[{"embeddable":true,"href":"https:\/\/www.xn--hbs-frth-b6a.de\/index.php\/wp-json\/wp\/v2\/users\/8"}],"replies":[{"embeddable":true,"href":"https:\/\/www.xn--hbs-frth-b6a.de\/index.php\/wp-json\/wp\/v2\/comments?post=12776"}],"version-history":[{"count":3,"href":"https:\/\/www.xn--hbs-frth-b6a.de\/index.php\/wp-json\/wp\/v2\/posts\/12776\/revisions"}],"predecessor-version":[{"id":12783,"href":"https:\/\/www.xn--hbs-frth-b6a.de\/index.php\/wp-json\/wp\/v2\/posts\/12776\/revisions\/12783"}],"wp:featuredmedia":[{"embeddable":true,"href":"https:\/\/www.xn--hbs-frth-b6a.de\/index.php\/wp-json\/wp\/v2\/media\/12777"}],"wp:attachment":[{"href":"https:\/\/www.xn--hbs-frth-b6a.de\/index.php\/wp-json\/wp\/v2\/media?parent=12776"}],"wp:term":[{"taxonomy":"category","embeddable":true,"href":"https:\/\/www.xn--hbs-frth-b6a.de\/index.php\/wp-json\/wp\/v2\/categories?post=12776"},{"taxonomy":"post_tag","embeddable":true,"href":"https:\/\/www.xn--hbs-frth-b6a.de\/index.php\/wp-json\/wp\/v2\/tags?post=12776"}],"curies":[{"name":"wp","href":"https:\/\/api.w.org\/{rel}","templated":true}]}}